{"id":2244,"date":"2021-02-18T13:11:35","date_gmt":"2021-02-18T12:11:35","guid":{"rendered":"https:\/\/www.praxisklinik-goethe10.de\/woran-erkennt-man-einen-nasenspezialist-frankfurt-copy\/"},"modified":"2025-06-24T12:11:47","modified_gmt":"2025-06-24T10:11:47","slug":"%d8%a8%d9%88%d8%b1%d8%b3%d9%84%d9%8a%d9%86-%d8%a7%d9%84%d9%85%d8%b9%d8%b1%d8%b6-01-2021-01-2021","status":"publish","type":"post","link":"https:\/\/www.praxisklinik-goethe10.de\/ar\/%d8%a8%d9%88%d8%b1%d8%b3%d9%84%d9%8a%d9%86-%d8%a7%d9%84%d9%85%d8%b9%d8%b1%d8%b6-01-2021-01-2021\/","title":{"rendered":"\u0645\u0639\u0631\u0636 \"\u0627\u0644\u062e\u0632\u0641 \u0627\u0644\u0623\u0628\u064a\u0636 \u0648\u0627\u0644\u0623\u0633\u0648\u062f\""},"content":{"rendered":"<div      class=\"vc_row wpb_row section vc_row-fluid \" style=' text-align:left;'><div class=\" full_section_inner clearfix\"><div class=\"wpb_column vc_column_container vc_col-sm-12\"><div class=\"vc_column-inner\"><div class=\"wpb_wrapper\">\n\t<div class=\"wpb_text_column wpb_content_element \">\n\t\t<div class=\"wpb_wrapper\">\n\t\t\t<h3>Ausstellung Porzellan Frankfurt<\/h3>\n<p>Wei\u00dfes Porzellan, handgedreht und handgeformt, aus der Rohmasse \u201eAudrey Blackman\u201c aus England.<\/p>\n<p>Schwarzes Porzellan, handgedreht und handgeformt, aus der Rohmasse \u201eBlack Ice\u201c aus Spanien.<\/p>\n\n\t\t<\/div> \n\t<\/div> \t<div class=\"vc_empty_space\"  style=\"height: 30px\" ><span\r\n\t\t\tclass=\"vc_empty_space_inner\">\r\n\t\t\t<span class=\"empty_space_image\"  ><\/span>\r\n\t\t<\/span><\/div>\r\n\n\n\t<div class=\"wpb_text_column wpb_content_element \">\n\t\t<div class=\"wpb_wrapper\">\n\t\t\t<h3>Exposition und Verkauf von Porzellan-T\u00f6pferkunst<\/h3>\n\n\t\t<\/div> \n\t<\/div> \t<div class=\"vc_empty_space\"  style=\"height: 30px\" ><span\r\n\t\t\tclass=\"vc_empty_space_inner\">\r\n\t\t\t<span class=\"empty_space_image\"  ><\/span>\r\n\t\t<\/span><\/div>\r\n\n\n\t<div class=\"wpb_text_column wpb_content_element \">\n\t\t<div class=\"wpb_wrapper\">\n\t\t\t<h5>Porzellan<\/h5>\n<p>\u201eWundersch\u00f6n, sensibel, alt mit einer weisen Seele.<br \/>\nStark, elastisch, widerstandsf\u00e4hig durchscheinend und doch zerbrechlich.<br \/>\nSch\u00f6nheit verliebt sich in das vollkommen Unvollkommene.<br \/>\nIhr leises Fl\u00fcstern spricht laut, klar, ohne Kompromisse und mit wahrer Liebe.\u201c<\/p>\n<p>Handgertigtes, wei\u00dfes und schwarzes Porzellan formt und dreht sich zu<br \/>\ndekorativer Tafelkunst, schmiegt sich in Deine Hand und findet sein Sein.<br \/>\nDu sp\u00fcrst die Harmonie des Objekts von Hand zu Hand und den Wert der<br \/>\nUrspr\u00fcnglichkeit.<\/p>\n<p>Zeit wird zu etwas irdenem und l\u00f6st sich in greifbarer Materie auf.<\/p>\n<p>&nbsp;<\/p>\n<h5>K\u00fcnstlerin<\/h5>\n<p>Bereits in ihrer Kindheit hat die Keramik- und Porzellank\u00fcnstlerin Sabine Steiner get\u00f6pfert. Sp\u00e4ter studierte sie au\u00dferdem neben der Germanistik Kunstp\u00e4dagogik an der Johann von Goethe-Universit\u00e4t in Frankfurt und hat ihre gro\u00dfe Liebe f\u00fcr das divenhafte und kaprizi\u00f6se Porzellan entwickelt. In ihrem eigenen Atelier in Bad Vilbel entwirft sie Formen und Strukturen und gibt ihr Wissen auch gerne in Form von Porzellan- und Keramikkursen weiter. Mehr zu den Arbeiten, Kursen und Events von Sabine Steiner unter <a href=\"https:\/\/www.steiner-pottery.de\/\" target=\"_blank\" rel=\"noopener noreferrer\">www.steiner-pottery.de<\/a>.<\/p>\n<p>&nbsp;<\/p>\n<h5>Veranstaltungsdaten<\/h5>\n<p>Ausstellung Porzellan Frankfurt<br \/>\n18.02.2021 \u2013 30.04.2021<\/p>\n<p><a href=\"https:\/\/www.praxisklinik-goethe10.de\/\">Praxisklinik-Goethe10<\/a><br \/>\nGoethestra\u00dfe 10<br \/>\n60313 Frankfurt<br \/>\n2. OG \u00fcber Chanel<\/p>\n\n\t\t<\/div> \n\t<\/div> \t<div class=\"vc_empty_space\"  style=\"height: 50px\" ><span\r\n\t\t\tclass=\"vc_empty_space_inner\">\r\n\t\t\t<span class=\"empty_space_image\"  ><\/span>\r\n\t\t<\/span><\/div>\r\n\n<div class=\"wpb_gallery wpb_content_element vc_clearfix\"><div class=\"wpb_wrapper\"><div class=\"wpb_gallery_slides wpb_image_grid\" data-interval=\"3\"><div class=\"gallery_holder\"><ul class=\"gallery_inner gallery_with_space  v4\"><li class=\"no_grayscale\"><a itemprop=\"image\" class=\"qode-prettyphoto\" href=\"https:\/\/www.praxisklinik-goethe10.de\/wp-content\/uploads\/2021\/02\/0148_Ausstellung_01-2021_06.jpeg\" data-rel=\"prettyPhoto[rel-2244-1609041808]\"><span class=\"gallery_hover\"><i class=\"fa fa-search\"><\/i><\/span><img loading=\"lazy\" decoding=\"async\" width=\"1000\" height=\"1000\" src=\"https:\/\/www.praxisklinik-goethe10.de\/wp-content\/uploads\/2021\/02\/0148_Ausstellung_01-2021_06.jpeg\" class=\"attachment-full\" alt=\"Ausstellung Porzellan Frankfurt\" srcset=\"https:\/\/www.praxisklinik-goethe10.de\/wp-content\/uploads\/2021\/02\/0148_Ausstellung_01-2021_06.jpeg 1000w, https:\/\/www.praxisklinik-goethe10.de\/wp-content\/uploads\/2021\/02\/0148_Ausstellung_01-2021_06-300x300.jpeg 300w, https:\/\/www.praxisklinik-goethe10.de\/wp-content\/uploads\/2021\/02\/0148_Ausstellung_01-2021_06-150x150.jpeg 150w, https:\/\/www.praxisklinik-goethe10.de\/wp-content\/uploads\/2021\/02\/0148_Ausstellung_01-2021_06-768x768.jpeg 768w, https:\/\/www.praxisklinik-goethe10.de\/wp-content\/uploads\/2021\/02\/0148_Ausstellung_01-2021_06-570x570.jpeg 570w, https:\/\/www.praxisklinik-goethe10.de\/wp-content\/uploads\/2021\/02\/0148_Ausstellung_01-2021_06-500x500.jpeg 500w, https:\/\/www.praxisklinik-goethe10.de\/wp-content\/uploads\/2021\/02\/0148_Ausstellung_01-2021_06-700x700.jpeg 700w\" sizes=\"auto, (max-width: 1000px) 100vw, 1000px\" \/><\/a><\/li><li class=\"no_grayscale\"><a itemprop=\"image\" class=\"qode-prettyphoto\" href=\"https:\/\/www.praxisklinik-goethe10.de\/wp-content\/uploads\/2021\/02\/0148_Ausstellung_01-2021_05.jpeg\" data-rel=\"prettyPhoto[rel-2244-1609041808]\"><span class=\"gallery_hover\"><i class=\"fa fa-search\"><\/i><\/span><img loading=\"lazy\" decoding=\"async\" width=\"1000\" height=\"1000\" src=\"https:\/\/www.praxisklinik-goethe10.de\/wp-content\/uploads\/2021\/02\/0148_Ausstellung_01-2021_05.jpeg\" class=\"attachment-full\" alt=\"Ausstellung Porzellan Frankfurt\" srcset=\"https:\/\/www.praxisklinik-goethe10.de\/wp-content\/uploads\/2021\/02\/0148_Ausstellung_01-2021_05.jpeg 1000w, https:\/\/www.praxisklinik-goethe10.de\/wp-content\/uploads\/2021\/02\/0148_Ausstellung_01-2021_05-300x300.jpeg 300w, https:\/\/www.praxisklinik-goethe10.de\/wp-content\/uploads\/2021\/02\/0148_Ausstellung_01-2021_05-150x150.jpeg 150w, https:\/\/www.praxisklinik-goethe10.de\/wp-content\/uploads\/2021\/02\/0148_Ausstellung_01-2021_05-768x768.jpeg 768w, https:\/\/www.praxisklinik-goethe10.de\/wp-content\/uploads\/2021\/02\/0148_Ausstellung_01-2021_05-570x570.jpeg 570w, https:\/\/www.praxisklinik-goethe10.de\/wp-content\/uploads\/2021\/02\/0148_Ausstellung_01-2021_05-500x500.jpeg 500w, https:\/\/www.praxisklinik-goethe10.de\/wp-content\/uploads\/2021\/02\/0148_Ausstellung_01-2021_05-700x700.jpeg 700w\" sizes=\"auto, (max-width: 1000px) 100vw, 1000px\" \/><\/a><\/li><li class=\"no_grayscale\"><a itemprop=\"image\" class=\"qode-prettyphoto\" href=\"https:\/\/www.praxisklinik-goethe10.de\/wp-content\/uploads\/2021\/02\/0148_Ausstellung_01-2021_07.jpeg\" data-rel=\"prettyPhoto[rel-2244-1609041808]\"><span class=\"gallery_hover\"><i class=\"fa fa-search\"><\/i><\/span><img loading=\"lazy\" decoding=\"async\" width=\"1000\" height=\"1000\" src=\"https:\/\/www.praxisklinik-goethe10.de\/wp-content\/uploads\/2021\/02\/0148_Ausstellung_01-2021_07.jpeg\" class=\"attachment-full\" alt=\"Ausstellung Porzellan Frankfurt\" srcset=\"https:\/\/www.praxisklinik-goethe10.de\/wp-content\/uploads\/2021\/02\/0148_Ausstellung_01-2021_07.jpeg 1000w, https:\/\/www.praxisklinik-goethe10.de\/wp-content\/uploads\/2021\/02\/0148_Ausstellung_01-2021_07-300x300.jpeg 300w, https:\/\/www.praxisklinik-goethe10.de\/wp-content\/uploads\/2021\/02\/0148_Ausstellung_01-2021_07-150x150.jpeg 150w, https:\/\/www.praxisklinik-goethe10.de\/wp-content\/uploads\/2021\/02\/0148_Ausstellung_01-2021_07-768x768.jpeg 768w, https:\/\/www.praxisklinik-goethe10.de\/wp-content\/uploads\/2021\/02\/0148_Ausstellung_01-2021_07-570x570.jpeg 570w, https:\/\/www.praxisklinik-goethe10.de\/wp-content\/uploads\/2021\/02\/0148_Ausstellung_01-2021_07-500x500.jpeg 500w, https:\/\/www.praxisklinik-goethe10.de\/wp-content\/uploads\/2021\/02\/0148_Ausstellung_01-2021_07-700x700.jpeg 700w\" sizes=\"auto, (max-width: 1000px) 100vw, 1000px\" \/><\/a><\/li><li class=\"no_grayscale\"><a itemprop=\"image\" class=\"qode-prettyphoto\" href=\"https:\/\/www.praxisklinik-goethe10.de\/wp-content\/uploads\/2021\/02\/0148_Ausstellung_01-2021_02.jpeg\" data-rel=\"prettyPhoto[rel-2244-1609041808]\"><span class=\"gallery_hover\"><i class=\"fa fa-search\"><\/i><\/span><img loading=\"lazy\" decoding=\"async\" width=\"1000\" height=\"1000\" src=\"https:\/\/www.praxisklinik-goethe10.de\/wp-content\/uploads\/2021\/02\/0148_Ausstellung_01-2021_02.jpeg\" class=\"attachment-full\" alt=\"Ausstellung Porzellan Frankfurt\" srcset=\"https:\/\/www.praxisklinik-goethe10.de\/wp-content\/uploads\/2021\/02\/0148_Ausstellung_01-2021_02.jpeg 1000w, https:\/\/www.praxisklinik-goethe10.de\/wp-content\/uploads\/2021\/02\/0148_Ausstellung_01-2021_02-300x300.jpeg 300w, https:\/\/www.praxisklinik-goethe10.de\/wp-content\/uploads\/2021\/02\/0148_Ausstellung_01-2021_02-150x150.jpeg 150w, https:\/\/www.praxisklinik-goethe10.de\/wp-content\/uploads\/2021\/02\/0148_Ausstellung_01-2021_02-768x768.jpeg 768w, https:\/\/www.praxisklinik-goethe10.de\/wp-content\/uploads\/2021\/02\/0148_Ausstellung_01-2021_02-570x570.jpeg 570w, https:\/\/www.praxisklinik-goethe10.de\/wp-content\/uploads\/2021\/02\/0148_Ausstellung_01-2021_02-500x500.jpeg 500w, https:\/\/www.praxisklinik-goethe10.de\/wp-content\/uploads\/2021\/02\/0148_Ausstellung_01-2021_02-700x700.jpeg 700w\" sizes=\"auto, (max-width: 1000px) 100vw, 1000px\" \/><\/a><\/li><li class=\"no_grayscale\"><a itemprop=\"image\" class=\"qode-prettyphoto\" href=\"https:\/\/www.praxisklinik-goethe10.de\/wp-content\/uploads\/2021\/02\/0148_Ausstellung_01-2021_08.jpeg\" data-rel=\"prettyPhoto[rel-2244-1609041808]\"><span class=\"gallery_hover\"><i class=\"fa fa-search\"><\/i><\/span><img loading=\"lazy\" decoding=\"async\" width=\"1000\" height=\"1000\" src=\"https:\/\/www.praxisklinik-goethe10.de\/wp-content\/uploads\/2021\/02\/0148_Ausstellung_01-2021_08.jpeg\" class=\"attachment-full\" alt=\"Ausstellung Porzellan Frankfurt\" srcset=\"https:\/\/www.praxisklinik-goethe10.de\/wp-content\/uploads\/2021\/02\/0148_Ausstellung_01-2021_08.jpeg 1000w, https:\/\/www.praxisklinik-goethe10.de\/wp-content\/uploads\/2021\/02\/0148_Ausstellung_01-2021_08-300x300.jpeg 300w, https:\/\/www.praxisklinik-goethe10.de\/wp-content\/uploads\/2021\/02\/0148_Ausstellung_01-2021_08-150x150.jpeg 150w, https:\/\/www.praxisklinik-goethe10.de\/wp-content\/uploads\/2021\/02\/0148_Ausstellung_01-2021_08-768x768.jpeg 768w, https:\/\/www.praxisklinik-goethe10.de\/wp-content\/uploads\/2021\/02\/0148_Ausstellung_01-2021_08-570x570.jpeg 570w, https:\/\/www.praxisklinik-goethe10.de\/wp-content\/uploads\/2021\/02\/0148_Ausstellung_01-2021_08-500x500.jpeg 500w, https:\/\/www.praxisklinik-goethe10.de\/wp-content\/uploads\/2021\/02\/0148_Ausstellung_01-2021_08-700x700.jpeg 700w\" sizes=\"auto, (max-width: 1000px) 100vw, 1000px\" \/><\/a><\/li><li class=\"no_grayscale\"><a itemprop=\"image\" class=\"qode-prettyphoto\" href=\"https:\/\/www.praxisklinik-goethe10.de\/wp-content\/uploads\/2021\/02\/0148_Ausstellung_01-2021_04.jpeg\" data-rel=\"prettyPhoto[rel-2244-1609041808]\"><span class=\"gallery_hover\"><i class=\"fa fa-search\"><\/i><\/span><img loading=\"lazy\" decoding=\"async\" width=\"1000\" height=\"1000\" src=\"https:\/\/www.praxisklinik-goethe10.de\/wp-content\/uploads\/2021\/02\/0148_Ausstellung_01-2021_04.jpeg\" class=\"attachment-full\" alt=\"Ausstellung Porzellan Frankfurt\" srcset=\"https:\/\/www.praxisklinik-goethe10.de\/wp-content\/uploads\/2021\/02\/0148_Ausstellung_01-2021_04.jpeg 1000w, https:\/\/www.praxisklinik-goethe10.de\/wp-content\/uploads\/2021\/02\/0148_Ausstellung_01-2021_04-300x300.jpeg 300w, https:\/\/www.praxisklinik-goethe10.de\/wp-content\/uploads\/2021\/02\/0148_Ausstellung_01-2021_04-150x150.jpeg 150w, https:\/\/www.praxisklinik-goethe10.de\/wp-content\/uploads\/2021\/02\/0148_Ausstellung_01-2021_04-768x768.jpeg 768w, https:\/\/www.praxisklinik-goethe10.de\/wp-content\/uploads\/2021\/02\/0148_Ausstellung_01-2021_04-570x570.jpeg 570w, https:\/\/www.praxisklinik-goethe10.de\/wp-content\/uploads\/2021\/02\/0148_Ausstellung_01-2021_04-500x500.jpeg 500w, https:\/\/www.praxisklinik-goethe10.de\/wp-content\/uploads\/2021\/02\/0148_Ausstellung_01-2021_04-700x700.jpeg 700w\" sizes=\"auto, (max-width: 1000px) 100vw, 1000px\" \/><\/a><\/li><li class=\"no_grayscale\"><a itemprop=\"image\" class=\"qode-prettyphoto\" href=\"https:\/\/www.praxisklinik-goethe10.de\/wp-content\/uploads\/2021\/02\/0148_Ausstellung_01-2021_01.jpeg\" data-rel=\"prettyPhoto[rel-2244-1609041808]\"><span class=\"gallery_hover\"><i class=\"fa fa-search\"><\/i><\/span><img loading=\"lazy\" decoding=\"async\" width=\"1000\" height=\"1000\" src=\"https:\/\/www.praxisklinik-goethe10.de\/wp-content\/uploads\/2021\/02\/0148_Ausstellung_01-2021_01.jpeg\" class=\"attachment-full\" alt=\"Ausstellung Porzellan Frankfurt\" srcset=\"https:\/\/www.praxisklinik-goethe10.de\/wp-content\/uploads\/2021\/02\/0148_Ausstellung_01-2021_01.jpeg 1000w, https:\/\/www.praxisklinik-goethe10.de\/wp-content\/uploads\/2021\/02\/0148_Ausstellung_01-2021_01-300x300.jpeg 300w, https:\/\/www.praxisklinik-goethe10.de\/wp-content\/uploads\/2021\/02\/0148_Ausstellung_01-2021_01-150x150.jpeg 150w, https:\/\/www.praxisklinik-goethe10.de\/wp-content\/uploads\/2021\/02\/0148_Ausstellung_01-2021_01-768x768.jpeg 768w, https:\/\/www.praxisklinik-goethe10.de\/wp-content\/uploads\/2021\/02\/0148_Ausstellung_01-2021_01-570x570.jpeg 570w, https:\/\/www.praxisklinik-goethe10.de\/wp-content\/uploads\/2021\/02\/0148_Ausstellung_01-2021_01-500x500.jpeg 500w, https:\/\/www.praxisklinik-goethe10.de\/wp-content\/uploads\/2021\/02\/0148_Ausstellung_01-2021_01-700x700.jpeg 700w\" sizes=\"auto, (max-width: 1000px) 100vw, 1000px\" \/><\/a><\/li><li class=\"no_grayscale\"><a itemprop=\"image\" class=\"qode-prettyphoto\" href=\"https:\/\/www.praxisklinik-goethe10.de\/wp-content\/uploads\/2021\/02\/0148_Ausstellung_01-2021_03.jpeg\" data-rel=\"prettyPhoto[rel-2244-1609041808]\"><span class=\"gallery_hover\"><i class=\"fa fa-search\"><\/i><\/span><img loading=\"lazy\" decoding=\"async\" width=\"1000\" height=\"1000\" src=\"https:\/\/www.praxisklinik-goethe10.de\/wp-content\/uploads\/2021\/02\/0148_Ausstellung_01-2021_03.jpeg\" class=\"attachment-full\" alt=\"Ausstellung Porzellan Frankfurt\" srcset=\"https:\/\/www.praxisklinik-goethe10.de\/wp-content\/uploads\/2021\/02\/0148_Ausstellung_01-2021_03.jpeg 1000w, https:\/\/www.praxisklinik-goethe10.de\/wp-content\/uploads\/2021\/02\/0148_Ausstellung_01-2021_03-300x300.jpeg 300w, https:\/\/www.praxisklinik-goethe10.de\/wp-content\/uploads\/2021\/02\/0148_Ausstellung_01-2021_03-150x150.jpeg 150w, https:\/\/www.praxisklinik-goethe10.de\/wp-content\/uploads\/2021\/02\/0148_Ausstellung_01-2021_03-768x768.jpeg 768w, https:\/\/www.praxisklinik-goethe10.de\/wp-content\/uploads\/2021\/02\/0148_Ausstellung_01-2021_03-570x570.jpeg 570w, https:\/\/www.praxisklinik-goethe10.de\/wp-content\/uploads\/2021\/02\/0148_Ausstellung_01-2021_03-500x500.jpeg 500w, https:\/\/www.praxisklinik-goethe10.de\/wp-content\/uploads\/2021\/02\/0148_Ausstellung_01-2021_03-700x700.jpeg 700w\" sizes=\"auto, (max-width: 1000px) 100vw, 1000px\" \/><\/a><\/li><\/ul><\/div><\/div><\/div><\/div><\/div><\/div><\/div><\/div><\/div>\n","protected":false},"excerpt":{"rendered":"<p>\u0633\u0648\u0627\u0621 \u0627\u0644\u0623\u0648\u0627\u0646\u064a \u0627\u0644\u0641\u062e\u0627\u0631\u064a\u0629 \u0627\u0644\u0641\u0631\u062f\u064a\u0629 \u0623\u0648 \u0627\u0644\u0623\u0639\u0645\u0627\u0644 \u0627\u0644\u0641\u0646\u064a\u0629 \u0627\u0644\u062e\u0632\u0641\u064a\u0629 \u0623\u0648 \u0645\u0646\u0633\u0648\u062c\u0627\u062a \u0627\u0644\u0645\u0627\u0626\u062f\u0629 \u0627\u0644\u0641\u0627\u062e\u0631\u0629 - \u0647\u0646\u0627\u0643 \u0645\u062c\u0645\u0648\u0639\u0629 \u0643\u0628\u064a\u0631\u0629 \u0645\u0646 \u0627\u0644\u0642\u0637\u0639 \u0627\u0644\u0641\u0631\u064a\u062f\u0629 \u0627\u0644\u0645\u0635\u0645\u0645\u0629 \u0628\u0639\u0646\u0627\u064a\u0629 \u0644\u0627\u0643\u062a\u0634\u0627\u0641\u0647\u0627 \u0641\u064a \u0645\u0639\u0627\u0631\u0636 \u0634\u062a\u0627\u064a\u0646\u0631 \u0644\u0644\u0641\u062e\u0627\u0631 \u0648\u0627\u0644\u0634\u0639\u0631 \u0641\u064a \u0639\u064a\u0627\u062f\u0629 \u0634\u062a\u0627\u064a\u0646\u0631 10 \u0644\u0644\u062a\u062f\u0631\u064a\u0628\u0627\u062a \u0641\u064a \u0639\u064a\u0627\u062f\u0629 \u062c\u0648\u062a\u0647 10.<\/p>","protected":false},"author":2,"featured_media":4179,"comment_status":"closed","ping_status":"closed","sticky":false,"template":"","format":"standard","meta":{"footnotes":""},"categories":[76],"tags":[],"class_list":["post-2244","post","type-post","status-publish","format-standard","has-post-thumbnail","hentry","category-ausstellungen"],"yoast_head":"<!-- This site is optimized with the Yoast SEO plugin v27.3 - https:\/\/yoast.com\/product\/yoast-seo-wordpress\/ -->\n<title>Ausstellung Porzellan Frankfurt - Praxisklinik Goethe10<\/title>\n<meta name=\"description\" content=\"Ausstellung Porzellan Frankfurt \u2713 Ausstellung und Verkauf von Porzellan-T\u00f6pferkunst in der Praxisklinik Goethe10 in Frankfurt.\" \/>\n<meta name=\"robots\" content=\"index, follow, max-snippet:-1, max-image-preview:large, max-video-preview:-1\" \/>\n<link rel=\"canonical\" href=\"https:\/\/www.praxisklinik-goethe10.de\/ar\/\u0628\u0648\u0631\u0633\u0644\u064a\u0646-\u0627\u0644\u0645\u0639\u0631\u0636-01-2021-01-2021\/\" \/>\n<meta property=\"og:locale\" content=\"ar_AR\" \/>\n<meta property=\"og:type\" content=\"article\" \/>\n<meta property=\"og:title\" content=\"Ausstellung Porzellan Frankfurt - Praxisklinik Goethe10\" \/>\n<meta property=\"og:description\" content=\"Ausstellung Porzellan Frankfurt \u2713 Ausstellung und Verkauf von Porzellan-T\u00f6pferkunst in der Praxisklinik Goethe10 in Frankfurt.\" \/>\n<meta property=\"og:url\" content=\"https:\/\/www.praxisklinik-goethe10.de\/ar\/\u0628\u0648\u0631\u0633\u0644\u064a\u0646-\u0627\u0644\u0645\u0639\u0631\u0636-01-2021-01-2021\/\" \/>\n<meta property=\"og:site_name\" content=\"HNO Frankfurt | Dr. Thomas Fischer\" \/>\n<meta property=\"article:published_time\" content=\"2021-02-18T12:11:35+00:00\" \/>\n<meta property=\"article:modified_time\" content=\"2025-06-24T10:11:47+00:00\" \/>\n<meta property=\"og:image\" content=\"https:\/\/www.praxisklinik-goethe10.de\/wp-content\/uploads\/2021\/02\/0148_Ausstellung_01a.jpg\" \/>\n\t<meta property=\"og:image:width\" content=\"1000\" \/>\n\t<meta property=\"og:image:height\" content=\"500\" \/>\n\t<meta property=\"og:image:type\" content=\"image\/jpeg\" \/>\n<meta name=\"author\" content=\"Praxisklinik Goethe10\" \/>\n<meta name=\"twitter:card\" content=\"summary_large_image\" \/>\n<meta name=\"twitter:label1\" content=\"\u0643\u064f\u062a\u0628 \u0628\u0648\u0627\u0633\u0637\u0629\" \/>\n\t<meta name=\"twitter:data1\" content=\"Praxisklinik Goethe10\" \/>\n\t<meta name=\"twitter:label2\" content=\"\u0648\u0642\u062a \u0627\u0644\u0642\u0631\u0627\u0621\u0629 \u0627\u0644\u0645\u064f\u0642\u062f\u0651\u0631\" \/>\n\t<meta name=\"twitter:data2\" content=\"\u062f\u0642\u064a\u0642\u062a\u0627\u0646\" \/>\n<script type=\"application\/ld+json\" class=\"yoast-schema-graph\">{\"@context\":\"https:\\\/\\\/schema.org\",\"@graph\":[{\"@type\":\"Article\",\"@id\":\"https:\\\/\\\/www.praxisklinik-goethe10.de\\\/ausstellung-porzellan-01-2021\\\/#article\",\"isPartOf\":{\"@id\":\"https:\\\/\\\/www.praxisklinik-goethe10.de\\\/ausstellung-porzellan-01-2021\\\/\"},\"author\":{\"name\":\"Praxisklinik Goethe10\",\"@id\":\"https:\\\/\\\/www.praxisklinik-goethe10.de\\\/#\\\/schema\\\/person\\\/ee2d627b5399c08982c9378bee141da9\"},\"headline\":\"Ausstellung \u201eBlack &#038; White Porcelain\u201c\",\"datePublished\":\"2021-02-18T12:11:35+00:00\",\"dateModified\":\"2025-06-24T10:11:47+00:00\",\"mainEntityOfPage\":{\"@id\":\"https:\\\/\\\/www.praxisklinik-goethe10.de\\\/ausstellung-porzellan-01-2021\\\/\"},\"wordCount\":316,\"publisher\":{\"@id\":\"https:\\\/\\\/www.praxisklinik-goethe10.de\\\/#organization\"},\"image\":{\"@id\":\"https:\\\/\\\/www.praxisklinik-goethe10.de\\\/ausstellung-porzellan-01-2021\\\/#primaryimage\"},\"thumbnailUrl\":\"https:\\\/\\\/www.praxisklinik-goethe10.de\\\/wp-content\\\/uploads\\\/2021\\\/02\\\/0148_Ausstellung_01a.jpg\",\"articleSection\":[\"Ausstellungen\"],\"inLanguage\":\"ar\"},{\"@type\":\"WebPage\",\"@id\":\"https:\\\/\\\/www.praxisklinik-goethe10.de\\\/ausstellung-porzellan-01-2021\\\/\",\"url\":\"https:\\\/\\\/www.praxisklinik-goethe10.de\\\/ausstellung-porzellan-01-2021\\\/\",\"name\":\"Ausstellung Porzellan Frankfurt - Praxisklinik Goethe10\",\"isPartOf\":{\"@id\":\"https:\\\/\\\/www.praxisklinik-goethe10.de\\\/#website\"},\"primaryImageOfPage\":{\"@id\":\"https:\\\/\\\/www.praxisklinik-goethe10.de\\\/ausstellung-porzellan-01-2021\\\/#primaryimage\"},\"image\":{\"@id\":\"https:\\\/\\\/www.praxisklinik-goethe10.de\\\/ausstellung-porzellan-01-2021\\\/#primaryimage\"},\"thumbnailUrl\":\"https:\\\/\\\/www.praxisklinik-goethe10.de\\\/wp-content\\\/uploads\\\/2021\\\/02\\\/0148_Ausstellung_01a.jpg\",\"datePublished\":\"2021-02-18T12:11:35+00:00\",\"dateModified\":\"2025-06-24T10:11:47+00:00\",\"description\":\"Ausstellung Porzellan Frankfurt \u2713 Ausstellung und Verkauf von Porzellan-T\u00f6pferkunst in der Praxisklinik Goethe10 in Frankfurt.\",\"breadcrumb\":{\"@id\":\"https:\\\/\\\/www.praxisklinik-goethe10.de\\\/ausstellung-porzellan-01-2021\\\/#breadcrumb\"},\"inLanguage\":\"ar\",\"potentialAction\":[{\"@type\":\"ReadAction\",\"target\":[\"https:\\\/\\\/www.praxisklinik-goethe10.de\\\/ausstellung-porzellan-01-2021\\\/\"]}]},{\"@type\":\"ImageObject\",\"inLanguage\":\"ar\",\"@id\":\"https:\\\/\\\/www.praxisklinik-goethe10.de\\\/ausstellung-porzellan-01-2021\\\/#primaryimage\",\"url\":\"https:\\\/\\\/www.praxisklinik-goethe10.de\\\/wp-content\\\/uploads\\\/2021\\\/02\\\/0148_Ausstellung_01a.jpg\",\"contentUrl\":\"https:\\\/\\\/www.praxisklinik-goethe10.de\\\/wp-content\\\/uploads\\\/2021\\\/02\\\/0148_Ausstellung_01a.jpg\",\"width\":1000,\"height\":500,\"caption\":\"Black & White\"},{\"@type\":\"BreadcrumbList\",\"@id\":\"https:\\\/\\\/www.praxisklinik-goethe10.de\\\/ausstellung-porzellan-01-2021\\\/#breadcrumb\",\"itemListElement\":[{\"@type\":\"ListItem\",\"position\":1,\"name\":\"Startseite\",\"item\":\"https:\\\/\\\/www.praxisklinik-goethe10.de\\\/\"},{\"@type\":\"ListItem\",\"position\":2,\"name\":\"Ausstellung \u201eBlack &#038; White Porcelain\u201c\"}]},{\"@type\":\"WebSite\",\"@id\":\"https:\\\/\\\/www.praxisklinik-goethe10.de\\\/#website\",\"url\":\"https:\\\/\\\/www.praxisklinik-goethe10.de\\\/\",\"name\":\"HNO Frankfurt | Dr. Thomas Fischer\",\"description\":\"HNO Arzt Frankfurt\",\"publisher\":{\"@id\":\"https:\\\/\\\/www.praxisklinik-goethe10.de\\\/#organization\"},\"potentialAction\":[{\"@type\":\"SearchAction\",\"target\":{\"@type\":\"EntryPoint\",\"urlTemplate\":\"https:\\\/\\\/www.praxisklinik-goethe10.de\\\/?s={search_term_string}\"},\"query-input\":{\"@type\":\"PropertyValueSpecification\",\"valueRequired\":true,\"valueName\":\"search_term_string\"}}],\"inLanguage\":\"ar\"},{\"@type\":\"Organization\",\"@id\":\"https:\\\/\\\/www.praxisklinik-goethe10.de\\\/#organization\",\"name\":\"Praxisklinik Goethe 10\",\"url\":\"https:\\\/\\\/www.praxisklinik-goethe10.de\\\/\",\"logo\":{\"@type\":\"ImageObject\",\"inLanguage\":\"ar\",\"@id\":\"https:\\\/\\\/www.praxisklinik-goethe10.de\\\/#\\\/schema\\\/logo\\\/image\\\/\",\"url\":\"https:\\\/\\\/www.praxisklinik-goethe10.de\\\/wp-content\\\/uploads\\\/2018\\\/03\\\/dr-fischer-hno-frankfurt-slider.png\",\"contentUrl\":\"https:\\\/\\\/www.praxisklinik-goethe10.de\\\/wp-content\\\/uploads\\\/2018\\\/03\\\/dr-fischer-hno-frankfurt-slider.png\",\"width\":400,\"height\":200,\"caption\":\"Praxisklinik Goethe 10\"},\"image\":{\"@id\":\"https:\\\/\\\/www.praxisklinik-goethe10.de\\\/#\\\/schema\\\/logo\\\/image\\\/\"}},{\"@type\":\"Person\",\"@id\":\"https:\\\/\\\/www.praxisklinik-goethe10.de\\\/#\\\/schema\\\/person\\\/ee2d627b5399c08982c9378bee141da9\",\"name\":\"Praxisklinik Goethe10\",\"image\":{\"@type\":\"ImageObject\",\"inLanguage\":\"ar\",\"@id\":\"https:\\\/\\\/secure.gravatar.com\\\/avatar\\\/91039de23fa5a7174b1f821d9ec7ef51fc31b69b29351edc872ded7112632e0c?s=96&d=mm&r=g\",\"url\":\"https:\\\/\\\/secure.gravatar.com\\\/avatar\\\/91039de23fa5a7174b1f821d9ec7ef51fc31b69b29351edc872ded7112632e0c?s=96&d=mm&r=g\",\"contentUrl\":\"https:\\\/\\\/secure.gravatar.com\\\/avatar\\\/91039de23fa5a7174b1f821d9ec7ef51fc31b69b29351edc872ded7112632e0c?s=96&d=mm&r=g\",\"caption\":\"Praxisklinik Goethe10\"}}]}<\/script>\n<!-- \/ Yoast SEO plugin. -->","yoast_head_json":{"title":"\u0645\u0639\u0631\u0636 \u0627\u0644\u062e\u0632\u0641 \u0641\u0631\u0627\u0646\u0643\u0641\u0648\u0631\u062a - \u0628\u0631\u0627\u0643\u0633\u064a\u0633\u0643\u0644\u064a\u0646\u064a\u0643 \u063a\u0648\u062a\u064710","description":"\u0645\u0639\u0631\u0636 \u0627\u0644\u062e\u0632\u0641 \u0641\u064a \u0641\u0631\u0627\u0646\u0643\u0641\u0648\u0631\u062a \u2713 \u0645\u0639\u0631\u0636 \u0648\u0628\u064a\u0639 \u0627\u0644\u062e\u0632\u0641 \u0627\u0644\u0641\u062e\u0627\u0631\u064a \u0641\u064a \u0639\u064a\u0627\u062f\u0629 \u063a\u0648\u062a\u0647 10 \u0644\u0644\u062a\u062f\u0631\u064a\u0628 \u0641\u064a \u0641\u0631\u0627\u0646\u0643\u0641\u0648\u0631\u062a.","robots":{"index":"index","follow":"follow","max-snippet":"max-snippet:-1","max-image-preview":"max-image-preview:large","max-video-preview":"max-video-preview:-1"},"canonical":"https:\/\/www.praxisklinik-goethe10.de\/ar\/\u0628\u0648\u0631\u0633\u0644\u064a\u0646-\u0627\u0644\u0645\u0639\u0631\u0636-01-2021-01-2021\/","og_locale":"ar_AR","og_type":"article","og_title":"Ausstellung Porzellan Frankfurt - Praxisklinik Goethe10","og_description":"Ausstellung Porzellan Frankfurt \u2713 Ausstellung und Verkauf von Porzellan-T\u00f6pferkunst in der Praxisklinik Goethe10 in Frankfurt.","og_url":"https:\/\/www.praxisklinik-goethe10.de\/ar\/\u0628\u0648\u0631\u0633\u0644\u064a\u0646-\u0627\u0644\u0645\u0639\u0631\u0636-01-2021-01-2021\/","og_site_name":"HNO Frankfurt | Dr. Thomas Fischer","article_published_time":"2021-02-18T12:11:35+00:00","article_modified_time":"2025-06-24T10:11:47+00:00","og_image":[{"width":1000,"height":500,"url":"https:\/\/www.praxisklinik-goethe10.de\/wp-content\/uploads\/2021\/02\/0148_Ausstellung_01a.jpg","type":"image\/jpeg"}],"author":"Praxisklinik Goethe10","twitter_card":"summary_large_image","twitter_misc":{"\u0643\u064f\u062a\u0628 \u0628\u0648\u0627\u0633\u0637\u0629":"Praxisklinik Goethe10","\u0648\u0642\u062a \u0627\u0644\u0642\u0631\u0627\u0621\u0629 \u0627\u0644\u0645\u064f\u0642\u062f\u0651\u0631":"\u062f\u0642\u064a\u0642\u062a\u0627\u0646"},"schema":{"@context":"https:\/\/schema.org","@graph":[{"@type":"Article","@id":"https:\/\/www.praxisklinik-goethe10.de\/ausstellung-porzellan-01-2021\/#article","isPartOf":{"@id":"https:\/\/www.praxisklinik-goethe10.de\/ausstellung-porzellan-01-2021\/"},"author":{"name":"Praxisklinik Goethe10","@id":"https:\/\/www.praxisklinik-goethe10.de\/#\/schema\/person\/ee2d627b5399c08982c9378bee141da9"},"headline":"Ausstellung \u201eBlack &#038; White Porcelain\u201c","datePublished":"2021-02-18T12:11:35+00:00","dateModified":"2025-06-24T10:11:47+00:00","mainEntityOfPage":{"@id":"https:\/\/www.praxisklinik-goethe10.de\/ausstellung-porzellan-01-2021\/"},"wordCount":316,"publisher":{"@id":"https:\/\/www.praxisklinik-goethe10.de\/#organization"},"image":{"@id":"https:\/\/www.praxisklinik-goethe10.de\/ausstellung-porzellan-01-2021\/#primaryimage"},"thumbnailUrl":"https:\/\/www.praxisklinik-goethe10.de\/wp-content\/uploads\/2021\/02\/0148_Ausstellung_01a.jpg","articleSection":["Ausstellungen"],"inLanguage":"ar"},{"@type":"WebPage","@id":"https:\/\/www.praxisklinik-goethe10.de\/ausstellung-porzellan-01-2021\/","url":"https:\/\/www.praxisklinik-goethe10.de\/ausstellung-porzellan-01-2021\/","name":"\u0645\u0639\u0631\u0636 \u0627\u0644\u062e\u0632\u0641 \u0641\u0631\u0627\u0646\u0643\u0641\u0648\u0631\u062a - \u0628\u0631\u0627\u0643\u0633\u064a\u0633\u0643\u0644\u064a\u0646\u064a\u0643 \u063a\u0648\u062a\u064710","isPartOf":{"@id":"https:\/\/www.praxisklinik-goethe10.de\/#website"},"primaryImageOfPage":{"@id":"https:\/\/www.praxisklinik-goethe10.de\/ausstellung-porzellan-01-2021\/#primaryimage"},"image":{"@id":"https:\/\/www.praxisklinik-goethe10.de\/ausstellung-porzellan-01-2021\/#primaryimage"},"thumbnailUrl":"https:\/\/www.praxisklinik-goethe10.de\/wp-content\/uploads\/2021\/02\/0148_Ausstellung_01a.jpg","datePublished":"2021-02-18T12:11:35+00:00","dateModified":"2025-06-24T10:11:47+00:00","description":"\u0645\u0639\u0631\u0636 \u0627\u0644\u062e\u0632\u0641 \u0641\u064a \u0641\u0631\u0627\u0646\u0643\u0641\u0648\u0631\u062a \u2713 \u0645\u0639\u0631\u0636 \u0648\u0628\u064a\u0639 \u0627\u0644\u062e\u0632\u0641 \u0627\u0644\u0641\u062e\u0627\u0631\u064a \u0641\u064a \u0639\u064a\u0627\u062f\u0629 \u063a\u0648\u062a\u0647 10 \u0644\u0644\u062a\u062f\u0631\u064a\u0628 \u0641\u064a \u0641\u0631\u0627\u0646\u0643\u0641\u0648\u0631\u062a.","breadcrumb":{"@id":"https:\/\/www.praxisklinik-goethe10.de\/ausstellung-porzellan-01-2021\/#breadcrumb"},"inLanguage":"ar","potentialAction":[{"@type":"ReadAction","target":["https:\/\/www.praxisklinik-goethe10.de\/ausstellung-porzellan-01-2021\/"]}]},{"@type":"ImageObject","inLanguage":"ar","@id":"https:\/\/www.praxisklinik-goethe10.de\/ausstellung-porzellan-01-2021\/#primaryimage","url":"https:\/\/www.praxisklinik-goethe10.de\/wp-content\/uploads\/2021\/02\/0148_Ausstellung_01a.jpg","contentUrl":"https:\/\/www.praxisklinik-goethe10.de\/wp-content\/uploads\/2021\/02\/0148_Ausstellung_01a.jpg","width":1000,"height":500,"caption":"Black & White"},{"@type":"BreadcrumbList","@id":"https:\/\/www.praxisklinik-goethe10.de\/ausstellung-porzellan-01-2021\/#breadcrumb","itemListElement":[{"@type":"ListItem","position":1,"name":"Startseite","item":"https:\/\/www.praxisklinik-goethe10.de\/"},{"@type":"ListItem","position":2,"name":"Ausstellung \u201eBlack &#038; White Porcelain\u201c"}]},{"@type":"WebSite","@id":"https:\/\/www.praxisklinik-goethe10.de\/#website","url":"https:\/\/www.praxisklinik-goethe10.de\/","name":"\u0627\u0644\u0623\u0646\u0641 \u0648\u0627\u0644\u0623\u0630\u0646 \u0648\u0627\u0644\u062d\u0646\u062c\u0631\u0629 \u0641\u064a \u0641\u0631\u0627\u0646\u0643\u0641\u0648\u0631\u062a | \u062f. \u062a\u0648\u0645\u0627\u0633 \u0641\u064a\u0634\u0631","description":"\u0637\u0628\u064a\u0628 \u0627\u0644\u0623\u0646\u0641 \u0648\u0627\u0644\u0623\u0630\u0646 \u0648\u0627\u0644\u062d\u0646\u062c\u0631\u0629 \u0641\u0631\u0627\u0646\u0643\u0641\u0648\u0631\u062a","publisher":{"@id":"https:\/\/www.praxisklinik-goethe10.de\/#organization"},"potentialAction":[{"@type":"SearchAction","target":{"@type":"EntryPoint","urlTemplate":"https:\/\/www.praxisklinik-goethe10.de\/?s={search_term_string}"},"query-input":{"@type":"PropertyValueSpecification","valueRequired":true,"valueName":"search_term_string"}}],"inLanguage":"ar"},{"@type":"Organization","@id":"https:\/\/www.praxisklinik-goethe10.de\/#organization","name":"\u0639\u064a\u0627\u062f\u0629 \u062c\u0648\u062a\u0647 10","url":"https:\/\/www.praxisklinik-goethe10.de\/","logo":{"@type":"ImageObject","inLanguage":"ar","@id":"https:\/\/www.praxisklinik-goethe10.de\/#\/schema\/logo\/image\/","url":"https:\/\/www.praxisklinik-goethe10.de\/wp-content\/uploads\/2018\/03\/dr-fischer-hno-frankfurt-slider.png","contentUrl":"https:\/\/www.praxisklinik-goethe10.de\/wp-content\/uploads\/2018\/03\/dr-fischer-hno-frankfurt-slider.png","width":400,"height":200,"caption":"Praxisklinik Goethe 10"},"image":{"@id":"https:\/\/www.praxisklinik-goethe10.de\/#\/schema\/logo\/image\/"}},{"@type":"Person","@id":"https:\/\/www.praxisklinik-goethe10.de\/#\/schema\/person\/ee2d627b5399c08982c9378bee141da9","name":"\u0639\u064a\u0627\u062f\u0629 \u0645\u0645\u0627\u0631\u0633\u0629 \u062c\u0648\u062a\u0647 10","image":{"@type":"ImageObject","inLanguage":"ar","@id":"https:\/\/secure.gravatar.com\/avatar\/91039de23fa5a7174b1f821d9ec7ef51fc31b69b29351edc872ded7112632e0c?s=96&d=mm&r=g","url":"https:\/\/secure.gravatar.com\/avatar\/91039de23fa5a7174b1f821d9ec7ef51fc31b69b29351edc872ded7112632e0c?s=96&d=mm&r=g","contentUrl":"https:\/\/secure.gravatar.com\/avatar\/91039de23fa5a7174b1f821d9ec7ef51fc31b69b29351edc872ded7112632e0c?s=96&d=mm&r=g","caption":"Praxisklinik Goethe10"}}]}},"_links":{"self":[{"href":"https:\/\/www.praxisklinik-goethe10.de\/ar\/wp-json\/wp\/v2\/posts\/2244","targetHints":{"allow":["GET"]}}],"collection":[{"href":"https:\/\/www.praxisklinik-goethe10.de\/ar\/wp-json\/wp\/v2\/posts"}],"about":[{"href":"https:\/\/www.praxisklinik-goethe10.de\/ar\/wp-json\/wp\/v2\/types\/post"}],"author":[{"embeddable":true,"href":"https:\/\/www.praxisklinik-goethe10.de\/ar\/wp-json\/wp\/v2\/users\/2"}],"replies":[{"embeddable":true,"href":"https:\/\/www.praxisklinik-goethe10.de\/ar\/wp-json\/wp\/v2\/comments?post=2244"}],"version-history":[{"count":22,"href":"https:\/\/www.praxisklinik-goethe10.de\/ar\/wp-json\/wp\/v2\/posts\/2244\/revisions"}],"predecessor-version":[{"id":4185,"href":"https:\/\/www.praxisklinik-goethe10.de\/ar\/wp-json\/wp\/v2\/posts\/2244\/revisions\/4185"}],"wp:featuredmedia":[{"embeddable":true,"href":"https:\/\/www.praxisklinik-goethe10.de\/ar\/wp-json\/wp\/v2\/media\/4179"}],"wp:attachment":[{"href":"https:\/\/www.praxisklinik-goethe10.de\/ar\/wp-json\/wp\/v2\/media?parent=2244"}],"wp:term":[{"taxonomy":"category","embeddable":true,"href":"https:\/\/www.praxisklinik-goethe10.de\/ar\/wp-json\/wp\/v2\/categories?post=2244"},{"taxonomy":"post_tag","embeddable":true,"href":"https:\/\/www.praxisklinik-goethe10.de\/ar\/wp-json\/wp\/v2\/tags?post=2244"}],"curies":[{"name":"\u062f\u0628\u0644\u064a\u0648 \u0628\u064a","href":"https:\/\/api.w.org\/{rel}","templated":true}]}}