{"id":3963,"date":"2025-02-24T15:13:51","date_gmt":"2025-02-24T14:13:51","guid":{"rendered":"https:\/\/www.praxisklinik-goethe10.de\/?p=3963"},"modified":"2025-12-02T15:28:13","modified_gmt":"2025-12-02T14:28:13","slug":"%d8%ad%d9%85%d9%89-%d8%a7%d9%84%d9%82%d8%b4-%d8%a3%d9%88-%d8%a7%d9%84%d8%a8%d8%b1%d8%af","status":"publish","type":"post","link":"https:\/\/www.praxisklinik-goethe10.de\/ar\/%d8%ad%d9%85%d9%89-%d8%a7%d9%84%d9%82%d8%b4-%d8%a3%d9%88-%d8%a7%d9%84%d8%a8%d8%b1%d8%af\/","title":{"rendered":"\u062d\u0645\u0649 \u0627\u0644\u0642\u0634 \u0623\u0648 \u0627\u0644\u0632\u0643\u0627\u0645: \u0645\u0627 \u0627\u0644\u0630\u064a \u0623\u0639\u0627\u0646\u064a \u0645\u0646\u0647\u061f"},"content":{"rendered":"<div      class=\"vc_row wpb_row section vc_row-fluid \" style=' text-align:left;'><div class=\" full_section_inner clearfix\"><div class=\"wpb_column vc_column_container vc_col-sm-12\"><div class=\"vc_column-inner\"><div class=\"wpb_wrapper\">\n\t<div class=\"wpb_text_column wpb_content_element \">\n\t\t<div class=\"wpb_wrapper\">\n\t\t\t<p><strong>Niesen und eine verstopfte oder <a href=\"\/nase-laeuft-staendig\/\">st\u00e4ndig laufende Nase<\/a> \u2013 typische Symptome, die viele Menschen vor allem im Fr\u00fchjahr und Herbst plagen. Doch nicht immer ist sofort klar, ob eine Erk\u00e4ltung dahintersteckt oder doch ein Heuschnupfen, also eine allergische Reaktion. Die richtige Unterscheidung ist wichtig, denn nach ihr richtet sich die passende Behandlung. W\u00e4hrend ein harmloser Infekt meist nach kurzer Zeit abklingt, k\u00f6nnen allergische Beschwerden \u00fcber Wochen hinweg anhalten oder immer wiederkehren und dadurch die Lebensqualit\u00e4t erheblich einschr\u00e4nken. Doch woran l\u00e4sst sich erkennen, was genau die Beschwerden ausl\u00f6st? Ein genauer Blick auf die Symptome und deren Verlauf gibt Aufschluss.<\/strong><\/p>\n\n\t\t<\/div> \n\t<\/div> <div class=\"separator  normal   \" style=\"margin-top: 40pxpx;margin-bottom: 0pxpx;background-color: #b0563c;\"><\/div>\n\n\t<div class=\"wpb_text_column wpb_content_element \">\n\t\t<div class=\"wpb_wrapper\">\n\t\t\t<h3>Heuschnupfen vs. Erk\u00e4ltung: Das m\u00fcssen Sie wissen<\/h3>\n<h5>Heuschnupfen (auch: allergische Rhinitis)<\/h5>\n<p>Heuschnupfen ist eine \u00dcberreaktion des Immunsystems auf eigentlich harmlose Substanzen wie Pollen von B\u00e4umen, Gr\u00e4sern oder Kr\u00e4utern. Sobald diese Allergene mit den Schleimh\u00e4uten in Kontakt kommen, setzt der K\u00f6rper vermehrt <a href=\"https:\/\/de.wikipedia.org\/wiki\/Histamin\" target=\"_blank\" rel=\"noopener\">Histamin<\/a>\u00a0frei \u2013 ein Botenstoff, der typische Beschwerden wie Niesen, Juckreiz, eine laufende oder verstopfte Nase sowie tr\u00e4nende Augen ausl\u00f6st.<\/p>\n<p>Die Symptome treten saisonal auf, wenn die jeweiligen Pflanzen bl\u00fchen. Bei einer ganzj\u00e4hrigen allergischen Rhinitis k\u00f6nnen auch andere Allergene wie Hausstaubmilben oder Tierhaare die Ursache sein. Unbehandelt kann Heuschnupfen die Lebensqualit\u00e4t stark beeintr\u00e4chtigen und in manchen F\u00e4llen zu chronischen Beschwerden oder Asthma f\u00fchren.<\/p>\n<h5>Erk\u00e4ltung und Schnupfen<\/h5>\n<p>Eine Erk\u00e4ltung ist eine durch Viren verursachte Infektion der oberen Atemwege, die typischerweise mit Symptomen wie Halsschmerzen, Husten, Schnupfen, Kopf- und Gliederschmerzen sowie manchmal auch Fieber einhergeht. Sie wird meist durch Tr\u00f6pfchen- oder Schmierinfektion \u00fcbertragen und heilt in der Regel innerhalb von ein bis zwei Wochen von selbst aus. Eine Erk\u00e4ltung kann von verschiedenen Viren ausgel\u00f6st werden, so z. B. Rhinoviren oder Adenoviren.<br \/>\nSchnupfen (Rhinitis) ist eines der h\u00e4ufigsten Symptome einer Erk\u00e4ltung. Bei einer viralen Infektion schwillt die Nasenschleimhaut an, produziert vermehrt Sekret und kann sowohl eine <a href=\"\/nase-verstopft\/\">verstopfte Nase<\/a> als auch Nasenausfluss verursachen. Dieser ist anfangs meist klar und wird im Verlauf der Erk\u00e4ltung oft dickfl\u00fcssiger.<\/p>\n\n\t\t<\/div> \n\t<\/div> \t<div class=\"vc_empty_space\"  style=\"height: 30px\" ><span\r\n\t\t\tclass=\"vc_empty_space_inner\">\r\n\t\t\t<span class=\"empty_space_image\"  ><\/span>\r\n\t\t<\/span><\/div>\r\n\n\n\t<div class=\"wpb_text_column wpb_content_element \">\n\t\t<div class=\"wpb_wrapper\">\n\t\t\t<h3>Heuschnupfen oder Erk\u00e4ltung: Woran Sie merken, was Sie haben<\/h3>\n<p>Da sich Heuschnupfen und eine Erk\u00e4ltung in ihren Symptomen \u00e4hneln, kann die Unterscheidung manchmal schwierig sein. Einige Merkmale helfen jedoch dabei, herauszufinden, was hinter den Beschwerden steckt:<\/p>\n<h5>Art und Dauer der Symptome<\/h5>\n<ul>\n<li><strong>Heuschnupfen<\/strong><br \/>\nDie Beschwerden treten pl\u00f6tzlich auf und bleiben so lange bestehen, wie der Kontakt mit Allergenen besteht \u2013 oft \u00fcber Wochen oder Monate hinweg.<\/li>\n<li><strong>Erk\u00e4ltung<\/strong><br \/>\nDie Symptome entwickeln sich meist schrittweise und klingen nach etwa ein bis zwei Woche wieder ab.<\/li>\n<\/ul>\n<h5>Nasensekret und Niesen<\/h5>\n<ul>\n<li><strong>Heuschnupfen<\/strong><br \/>\nDie Nase l\u00e4uft meist mit einem klaren, w\u00e4ssrigen Sekret. H\u00e4ufig treten heftige Niesanf\u00e4lle auf.<\/li>\n<li><strong>Erk\u00e4ltung<\/strong><br \/>\nDas Nasensekret ist anfangs klar, wird aber im Verlauf der Erkrankung oft dickfl\u00fcssiger und gelblich oder gr\u00fcnlich. Ein Niesreiz tritt bei einer Erk\u00e4ltung v. a. in der Anfangsphase auf und ist eine nat\u00fcrliche Reaktion des K\u00f6rpers, um Krankheitserreger aus den Atemwegen zu entfernen.<\/li>\n<\/ul>\n<h5>Begleitende Beschwerden<\/h5>\n<ul>\n<li><strong>Heuschnupfen<\/strong><br \/>\nTypisch sind starker Juckreiz in der Nase, an den Augen und manchmal auch im Rachen. Tr\u00e4nende, ger\u00f6tete Augen sind h\u00e4ufig. Fieber tritt nicht auf.<\/li>\n<li><strong>Erk\u00e4ltung<\/strong><br \/>\nOft sind Halsschmerzen, Husten und manchmal Fieber vorhanden. Juckreiz ist dagegen untypisch.<\/li>\n<\/ul>\n<h5>Einfluss der Umgebung<\/h5>\n<ul>\n<li><strong>Heuschnupfen<\/strong><br \/>\nDie Symptome verst\u00e4rken sich bei Kontakt mit Pollen, etwa im Freien oder bei ge\u00f6ffnetem Fenster. In Innenr\u00e4umen oder bei Regen bessern sich die Beschwerden meistens.<\/li>\n<li><strong>Erk\u00e4ltung<\/strong><br \/>\nUnabh\u00e4ngig von der Umgebung bleiben die Symptome gleich.<\/li>\n<\/ul>\n<h5>Reaktion auf Antiallergika<\/h5>\n<ul>\n<li><strong>Heuschnupfen<\/strong><br \/>\nAntihistaminika lindern die Beschwerden meist schnell.<\/li>\n<li><strong>Erk\u00e4ltung<\/strong><br \/>\nMedikamente gegen Allergien zeigen keine Wirkung.<\/li>\n<\/ul>\n\n\t\t<\/div> \n\t<\/div> \t<div class=\"vc_empty_space\"  style=\"height: 30px\" ><span\r\n\t\t\tclass=\"vc_empty_space_inner\">\r\n\t\t\t<span class=\"empty_space_image\"  ><\/span>\r\n\t\t<\/span><\/div>\r\n\n\r\n\t<div class=\"wpb_single_image wpb_content_element vc_align_left\">\r\n\t\t<div class=\"wpb_wrapper\">\r\n\t\t\t\r\n\t\t\t<a class=\"qode-prettyphoto qode-single-image-pretty-photo\" data-rel=\"prettyPhoto[rel-3963-673902745]\" href=\"https:\/\/www.praxisklinik-goethe10.de\/wp-content\/uploads\/2025\/02\/0148_Blog_Heuschnupfen-oder-Erkaeltung_02.jpg\" target=\"_self\"><div class=\"vc_single_image-wrapper   vc_box_border_grey\"><img loading=\"lazy\" decoding=\"async\" width=\"1000\" height=\"750\" src=\"https:\/\/www.praxisklinik-goethe10.de\/wp-content\/uploads\/2025\/02\/0148_Blog_Heuschnupfen-oder-Erkaeltung_02.jpg\" class=\"vc_single_image-img attachment-full\" alt=\"Heuschnupfen oder Erk\u00e4ltung\" srcset=\"https:\/\/www.praxisklinik-goethe10.de\/wp-content\/uploads\/2025\/02\/0148_Blog_Heuschnupfen-oder-Erkaeltung_02.jpg 1000w, https:\/\/www.praxisklinik-goethe10.de\/wp-content\/uploads\/2025\/02\/0148_Blog_Heuschnupfen-oder-Erkaeltung_02-300x225.jpg 300w, https:\/\/www.praxisklinik-goethe10.de\/wp-content\/uploads\/2025\/02\/0148_Blog_Heuschnupfen-oder-Erkaeltung_02-768x576.jpg 768w, https:\/\/www.praxisklinik-goethe10.de\/wp-content\/uploads\/2025\/02\/0148_Blog_Heuschnupfen-oder-Erkaeltung_02-16x12.jpg 16w, https:\/\/www.praxisklinik-goethe10.de\/wp-content\/uploads\/2025\/02\/0148_Blog_Heuschnupfen-oder-Erkaeltung_02-800x600.jpg 800w, https:\/\/www.praxisklinik-goethe10.de\/wp-content\/uploads\/2025\/02\/0148_Blog_Heuschnupfen-oder-Erkaeltung_02-700x525.jpg 700w\" sizes=\"auto, (max-width: 1000px) 100vw, 1000px\" \/><\/div><\/a>\r\n\t\t<\/div>\r\n\t<\/div>\r\n\t<div class=\"vc_empty_space\"  style=\"height: 30px\" ><span\r\n\t\t\tclass=\"vc_empty_space_inner\">\r\n\t\t\t<span class=\"empty_space_image\"  ><\/span>\r\n\t\t<\/span><\/div>\r\n\n\n\t<div class=\"wpb_text_column wpb_content_element \">\n\t\t<div class=\"wpb_wrapper\">\n\t\t\t<h3>Heuschnupfen oder Erk\u00e4ltung: Ein Allergietest kann Klarheit schaffen<\/h3>\n<p>Wenn Sie sich unsicher sind oder \u00fcber einen l\u00e4ngeren Zeitraum unter Beschwerden leiden, sollten Sie auf jeden Fall \u00e4rztlichen Rat einholen. Ein <a href=\"\/allergie-behandlung-frankfurt\/\">Allergietest<\/a> hilft bei der Diagnose und bei der Einleitung der passenden Behandlung.<\/p>\n<p>In unserer <a href=\"https:\/\/www.praxisklinik-goethe10.de\/\">HNO-Praxisklinik Goethe10 in Frankfurt<\/a> erfolgt die Allergiediagnostik durch eine Kombination aus ausf\u00fchrlicher Anamnese, k\u00f6rperlicher Untersuchung und spezifischen Tests, um die ausl\u00f6senden Allergene zu identifizieren.<\/p>\n\n\t\t<\/div> \n\t<\/div> \t<div class=\"vc_empty_space\"  style=\"height: 30px\" ><span\r\n\t\t\tclass=\"vc_empty_space_inner\">\r\n\t\t\t<span class=\"empty_space_image\"  ><\/span>\r\n\t\t<\/span><\/div>\r\n\n<div class=\"qode-accordion-holder clearfix qode-toggle qode-initial \">\r\n\t<h4 class=\"clearfix qode-title-holder\">\r\n<span class=\"qode-tab-title\">\r\n\t    <span class=\"qode-tab-title-inner\">\r\n        Anamnese und Untersuchung    <\/span>\r\n<\/span>\r\n<span class=\"qode-accordion-mark\">\r\n    <span class=\"qode-accordion-mark-icon\">\r\n        <span class=\"icon_plus\"><\/span>\r\n        <span class=\"icon_minus-06\"><\/span>\r\n    <\/span>\r\n<\/span>\r\n<\/h4>\r\n<div  class=\"qode-accordion-content \" >\r\n    <div class=\"qode-accordion-content-inner\">\r\n        \n\t<div class=\"wpb_text_column wpb_content_element \">\n\t\t<div class=\"wpb_wrapper\">\n\t\t\t<p>Zun\u00e4chst erheben wir Ihre Krankengeschichte, um m\u00f6gliche allergische Ausl\u00f6ser und Symptome zu erkennen. Anschlie\u00dfend erfolgt eine Untersuchung der Schleimh\u00e4ute, um Hinweise auf allergische Reaktionen festzustellen.<\/p>\n\n\t\t<\/div> \n\t<\/div>     <\/div>\r\n<\/div><h4 class=\"clearfix qode-title-holder\">\r\n<span class=\"qode-tab-title\">\r\n\t    <span class=\"qode-tab-title-inner\">\r\n        Hauttests    <\/span>\r\n<\/span>\r\n<span class=\"qode-accordion-mark\">\r\n    <span class=\"qode-accordion-mark-icon\">\r\n        <span class=\"icon_plus\"><\/span>\r\n        <span class=\"icon_minus-06\"><\/span>\r\n    <\/span>\r\n<\/span>\r\n<\/h4>\r\n<div  class=\"qode-accordion-content \" >\r\n    <div class=\"qode-accordion-content-inner\">\r\n        \n\t<div class=\"wpb_text_column wpb_content_element \">\n\t\t<div class=\"wpb_wrapper\">\n\t\t\t<p>Bei Allergien des Soforttyps sind Hauttests das bevorzugte Diagnosemittel. Der g\u00e4ngigste Test ist der Pricktest, den wir auf der Innenseite Ihres Unterarms durchf\u00fchren. Dabei bringen wir standardisierte Allergenextrakte in Tropfenform auf Ihre Haut auf und stechen diese mit einer feinen Lanzette leicht ein. Nach 20 Minuten beurteilen wir evtl. entstandene Hautr\u00f6tungen und Quaddeln im Vergleich zu Kontrolll\u00f6sungen. Zus\u00e4tzlich k\u00f6nnen Intrakutantests, Scratch- und Reibetests zum Einsatz kommen, insbesondere wenn nicht standardisierte Allergene getestet werden sollen.<\/p>\n\n\t\t<\/div> \n\t<\/div>     <\/div>\r\n<\/div><h4 class=\"clearfix qode-title-holder\">\r\n<span class=\"qode-tab-title\">\r\n\t    <span class=\"qode-tab-title-inner\">\r\n        Blutuntersuchungen    <\/span>\r\n<\/span>\r\n<span class=\"qode-accordion-mark\">\r\n    <span class=\"qode-accordion-mark-icon\">\r\n        <span class=\"icon_plus\"><\/span>\r\n        <span class=\"icon_minus-06\"><\/span>\r\n    <\/span>\r\n<\/span>\r\n<\/h4>\r\n<div  class=\"qode-accordion-content \" >\r\n    <div class=\"qode-accordion-content-inner\">\r\n        \n\t<div class=\"wpb_text_column wpb_content_element \">\n\t\t<div class=\"wpb_wrapper\">\n\t\t\t<p>Erg\u00e4nzend zur Hauttestung k\u00f6nnen wir auch Blutuntersuchungen durchf\u00fchren, die spezifische IgE-Antik\u00f6rper gegen bestimmte Allergene nachweisen. Diese Tests sind besonders sinnvoll, wenn Hauttests nicht m\u00f6glich sind oder zus\u00e4tzliche Best\u00e4tigungen ben\u00f6tigt werden.<\/p>\n\n\t\t<\/div> \n\t<\/div>     <\/div>\r\n<\/div><\/div>\t<div class=\"vc_empty_space\"  style=\"height: 30px\" ><span\r\n\t\t\tclass=\"vc_empty_space_inner\">\r\n\t\t\t<span class=\"empty_space_image\"  ><\/span>\r\n\t\t<\/span><\/div>\r\n\n\n\t<div class=\"wpb_text_column wpb_content_element \">\n\t\t<div class=\"wpb_wrapper\">\n\t\t\t<p>Die Ergebnisse aller Tests bewerten wir im Kontext der Anamnese, um eine pr\u00e4zise Diagnose zu gew\u00e4hrleisten und einen individuellen Behandlungsplan zu erstellen.<\/p>\n\n\t\t<\/div> \n\t<\/div> \t<div class=\"vc_empty_space\"  style=\"height: 30px\" ><span\r\n\t\t\tclass=\"vc_empty_space_inner\">\r\n\t\t\t<span class=\"empty_space_image\"  ><\/span>\r\n\t\t<\/span><\/div>\r\n\n\n\t<div class=\"wpb_text_column wpb_content_element \">\n\t\t<div class=\"wpb_wrapper\">\n\t\t\t<h3>Heuschnupfen diagnostiziert: Und nun?<\/h3>\n<p>Wenn wir bei Ihnen Heuschnupfen diagnostiziert haben, stehen verschiedene Behandlungsm\u00f6glichkeiten zur Verf\u00fcgung, um die Beschwerden zu lindern und langfristige Komplikationen wie allergisches Asthma zu vermeiden. Die Therapie richtet sich nach der Schwere Ihrer Symptome und umfasst drei wesentliche Bereiche: Allergenkarenz, Medikamentengabe und Hyposensibilisierung.<\/p>\n\n\t\t<\/div> \n\t<\/div> \t<div class=\"vc_empty_space\"  style=\"height: 30px\" ><span\r\n\t\t\tclass=\"vc_empty_space_inner\">\r\n\t\t\t<span class=\"empty_space_image\"  ><\/span>\r\n\t\t<\/span><\/div>\r\n\n<div class=\"qode-accordion-holder clearfix qode-toggle qode-initial \">\r\n\t<h4 class=\"clearfix qode-title-holder\">\r\n<span class=\"qode-tab-title\">\r\n\t    <span class=\"qode-tab-title-inner\">\r\n        Allergenkarenz: den Kontakt mit Pollen minimieren    <\/span>\r\n<\/span>\r\n<span class=\"qode-accordion-mark\">\r\n    <span class=\"qode-accordion-mark-icon\">\r\n        <span class=\"icon_plus\"><\/span>\r\n        <span class=\"icon_minus-06\"><\/span>\r\n    <\/span>\r\n<\/span>\r\n<\/h4>\r\n<div  class=\"qode-accordion-content \" >\r\n    <div class=\"qode-accordion-content-inner\">\r\n        \n\t<div class=\"wpb_text_column wpb_content_element \">\n\t\t<div class=\"wpb_wrapper\">\n\t\t\t<p>Der beste Schutz vor Heuschnupfen ist, den Kontakt mit den ausl\u00f6senden Pollen so weit wie m\u00f6glich zu reduzieren.<\/p>\n<p>Dazu gibt es folgende Tipps:<\/p>\n<ul>\n<li><strong>Pollenflugvorhersagen nutzen<\/strong><br \/>\nAn Tagen mit hoher Belastung kann es besser sein, Aufenthalte im Freien einzuschr\u00e4nken.<\/li>\n<li><strong>Fenster geschlossen halten<\/strong><br \/>\nBesonders morgens und abends, wenn die Pollenkonzentration am h\u00f6chsten ist, ist es hilfreich, Pollen mit geschlossenen Fenstern \u201eauszusperren\u201c.<\/li>\n<li><strong>Kleidung nach dem Aufenthalt im Freien wechseln<\/strong><br \/>\nPollen setzen sich gerne auf Stoffen und Haaren ab. Umziehen und abends duschen hilft, Beschwerden zu reduzieren.<\/li>\n<li><strong>Regelm\u00e4\u00dfige Nasenduschen<\/strong><br \/>\nMit Kochsalzl\u00f6sung lassen sich Pollen von den Schleimh\u00e4uten entfernen.<\/li>\n<li><strong>Luftreiniger mit HEPA-Filter <\/strong><br \/>\nSie sind dazu da, die Pollenbelastung in den Innenr\u00e4umen zu reduzieren.<\/li>\n<\/ul>\n\n\t\t<\/div> \n\t<\/div>     <\/div>\r\n<\/div><h4 class=\"clearfix qode-title-holder\">\r\n<span class=\"qode-tab-title\">\r\n\t    <span class=\"qode-tab-title-inner\">\r\n        Medikamente: Symptome gezielt lindern    <\/span>\r\n<\/span>\r\n<span class=\"qode-accordion-mark\">\r\n    <span class=\"qode-accordion-mark-icon\">\r\n        <span class=\"icon_plus\"><\/span>\r\n        <span class=\"icon_minus-06\"><\/span>\r\n    <\/span>\r\n<\/span>\r\n<\/h4>\r\n<div  class=\"qode-accordion-content \" >\r\n    <div class=\"qode-accordion-content-inner\">\r\n        \n\t<div class=\"wpb_text_column wpb_content_element \">\n\t\t<div class=\"wpb_wrapper\">\n\t\t\t<p>Verschiedene Medikamente k\u00f6nnen Heuschnupfen-Symptome schnell und effektiv abschw\u00e4chen:<\/p>\n<ul>\n<li><strong>Antihistaminika<\/strong><br \/>\nBeispielsweise Cetirizin oder Loratadin blockieren die Histaminwirkung und lindern Juckreiz, Niesen sowie eine laufende Nase.<\/li>\n<li><strong>Kortisonhaltige Nasensprays <\/strong><br \/>\nMometason, Fluticason o. \u00c4. wirken entz\u00fcndungshemmend und helfen besonders bei einer verstopften Nase.<\/li>\n<li><strong>Augentropfen mit Antihistaminika <\/strong><br \/>\nSie reduzieren Juckreiz und R\u00f6tungen bei allergisch bedingten Augenbeschwerden.<\/li>\n<li><strong>Mastzellstabilisatoren<\/strong><br \/>\nCromoglicins\u00e4ure hilft z. B. vorbeugend, indem sie die Freisetzung von Histamin verhindert.<\/li>\n<li>Bei starken Beschwerden oder allergischem Asthma k\u00f6nnen weitere Medikamente erforderlich sein.<\/li>\n<\/ul>\n\n\t\t<\/div> \n\t<\/div>     <\/div>\r\n<\/div><h4 class=\"clearfix qode-title-holder\">\r\n<span class=\"qode-tab-title\">\r\n\t    <span class=\"qode-tab-title-inner\">\r\n        Hyposensibilisierung: Die Allergie langfristig bek\u00e4mpfen    <\/span>\r\n<\/span>\r\n<span class=\"qode-accordion-mark\">\r\n    <span class=\"qode-accordion-mark-icon\">\r\n        <span class=\"icon_plus\"><\/span>\r\n        <span class=\"icon_minus-06\"><\/span>\r\n    <\/span>\r\n<\/span>\r\n<\/h4>\r\n<div  class=\"qode-accordion-content \" >\r\n    <div class=\"qode-accordion-content-inner\">\r\n        \n\t<div class=\"wpb_text_column wpb_content_element \">\n\t\t<div class=\"wpb_wrapper\">\n\t\t\t<p>Die spezifische Immuntherapie (Hyposensibilisierung) ist die einzige Behandlung, die direkt an der Ursache der Allergie ansetzt. Dabei wird Ihr Immunsystem schrittweise an das Allergen gew\u00f6hnt, sodass die allergische Reaktion nachl\u00e4sst. Diese Therapie kann \u00fcber Spritzen (SCIT) oder Tabletten\/Tropfen (SLIT) erfolgen und dauert in der Regel mehrere Jahre.<\/p>\n\n\t\t<\/div> \n\t<\/div>     <\/div>\r\n<\/div><\/div>\t<div class=\"vc_empty_space\"  style=\"height: 30px\" ><span\r\n\t\t\tclass=\"vc_empty_space_inner\">\r\n\t\t\t<span class=\"empty_space_image\"  ><\/span>\r\n\t\t<\/span><\/div>\r\n\n\n\t<div class=\"wpb_text_column wpb_content_element \">\n\t\t<div class=\"wpb_wrapper\">\n\t\t\t<h3>Heuschnupfen behandeln: Beschwerdefrei durch die Allergiesaison mit Ihrer HNO-Praxisklinik in Frankfurt<\/h3>\n<p>Jeder Heuschnupfen ist individuell \u2013 deshalb lohnt es sich, gemeinsam mit uns die optimale Behandlungsstrategie zu finden. Mit der richtigen Therapie kann die Allergiesaison f\u00fcr Sie deutlich angenehmer verlaufen.<\/p>\n<p>Kontaktieren Sie uns gerne, um einen Termin f\u00fcr die Diagnostik und Beratung zu vereinbaren!<\/p>\n\n\t\t<\/div> \n\t<\/div> \t<div class=\"vc_empty_space\"  style=\"height: 30px\" ><span\r\n\t\t\tclass=\"vc_empty_space_inner\">\r\n\t\t\t<span class=\"empty_space_image\"  ><\/span>\r\n\t\t<\/span><\/div>\r\n\n<\/div><\/div><\/div><\/div><\/div><div      class=\"vc_row wpb_row section vc_row-fluid  vc_custom_1716470538280\" style='background-image:url(https:\/\/www.praxisklinik-goethe10.de\/wp-content\/uploads\/2024\/05\/dr-fischer-frankfurt-hno-call-to-blog.jpg); text-align:center;'><div class=\" full_section_inner clearfix\"><div class=\"wpb_column vc_column_container vc_col-sm-12\"><div class=\"vc_column-inner\"><div class=\"wpb_wrapper\">\t<div class=\"vc_empty_space\"  style=\"height: 60px\" ><span\r\n\t\t\tclass=\"vc_empty_space_inner\">\r\n\t\t\t<span class=\"empty_space_image\"  ><\/span>\r\n\t\t<\/span><\/div>\r\n\n\n\t<div class=\"wpb_text_column wpb_content_element \">\n\t\t<div class=\"wpb_wrapper\">\n\t\t\t<h3 style=\"text-align: center;\"><span style=\"color: #ffffff;\">Haben Sie Fragen zu diesem Thema oder m\u00f6chten einen Beratungstermin vereinbaren?<\/span><\/h3>\n\n\t\t<\/div> \n\t<\/div> \t<div class=\"vc_empty_space\"  style=\"height: 20px\" ><span\r\n\t\t\tclass=\"vc_empty_space_inner\">\r\n\t\t\t<span class=\"empty_space_image\"  ><\/span>\r\n\t\t<\/span><\/div>\r\n\n<a  itemprop=\"url\" href=\"https:\/\/www.doctolib.de\/praxis\/frankfurt-am-main\/praxisklinik-goethe10\" target=\"_blank\"  class=\"qbutton  medium center default\" style=\"\">Jetzt Termin buchen!<i class=\"qode_icon_font_awesome fa fa-angle-double-right qode_button_icon_element\" style=\"\" ><\/i><\/a>\t<div class=\"vc_empty_space\"  style=\"height: 60px\" ><span\r\n\t\t\tclass=\"vc_empty_space_inner\">\r\n\t\t\t<span class=\"empty_space_image\"  ><\/span>\r\n\t\t<\/span><\/div>\r\n\n<\/div><\/div><\/div><\/div><\/div><div      class=\"vc_row wpb_row section vc_row-fluid \" style=' text-align:left;'><div class=\" full_section_inner clearfix\"><div class=\"wpb_column vc_column_container vc_col-sm-12\"><div class=\"vc_column-inner\"><div class=\"wpb_wrapper\">\t<div class=\"vc_empty_space\"  style=\"height: 30px\" ><span\r\n\t\t\tclass=\"vc_empty_space_inner\">\r\n\t\t\t<span class=\"empty_space_image\"  ><\/span>\r\n\t\t<\/span><\/div>\r\n\n\n\t<div class=\"wpb_text_column wpb_content_element \">\n\t\t<div class=\"wpb_wrapper\">\n\t\t\t<h4>HNO Frankfurt: Dr. med. Thomas Fischer &amp; Dr. med. Albrecht Linke<\/h4>\n<p>Ihre Fach\u00e4rzte f\u00fcr Hals-Nasen-Ohrenheilkunde, die Sie in s\u00e4mtlichen Fragen der HNO-Heilkunde, der funktionell-plastischen Chirurgie sowie der \u00e4sthetischen Behandlung von Ver\u00e4nderungen der Gesichtshaut professionell und individuell beraten, untersuchen und behandeln.<\/p>\n<p><small>Unsere News-Beitr\u00e4ge werden nach bestem Wissen und Gewissen f\u00fcr Sie erstellt und dienen der allgemeinen Weiterbildung. Sie ersetzen auf keinen Fall eine \u00e4rztliche Beratung, Diagnose und Behandlung und sollen weder zur Selbstdiagnose noch zur Selbstbehandlung auffordern. Bitte wenden Sie sich bei gesundheitlichen Beschwerden immer direkt an Ihre HNO Fach\u00e4rzte in Frankfurt!<\/small><\/p>\n\n\t\t<\/div> \n\t<\/div> <div class=\"separator  normal   qode-type1-gradient-left-to-right \" style=\"margin-top: 30px;margin-bottom: 30px;\"><\/div>\n\n\t<div class=\"wpb_text_column wpb_content_element \">\n\t\t<div class=\"wpb_wrapper\">\n\t\t\t<p><small>\u00a9 &#8220;Closeup on ill elegant woman wiping nose with napkin&#8221; by Alliance, stock.adobe.com<\/small><\/p>\n\n\t\t<\/div> \n\t<\/div> <\/div><\/div><\/div><\/div><\/div>\n","protected":false},"excerpt":{"rendered":"<p>\u0627\u0644\u0639\u0637\u0633 \u0648\u0627\u0646\u0633\u062f\u0627\u062f \u0627\u0644\u0623\u0646\u0641 \u0623\u0648 \u0633\u064a\u0644\u0627\u0646 \u0627\u0644\u0623\u0646\u0641 \u0627\u0644\u0645\u0633\u062a\u0645\u0631 - \u0623\u0639\u0631\u0627\u0636 \u0646\u0645\u0648\u0630\u062c\u064a\u0629 \u062a\u0635\u064a\u0628 \u0627\u0644\u0639\u062f\u064a\u062f \u0645\u0646 \u0627\u0644\u0623\u0634\u062e\u0627\u0635\u060c \u062e\u0627\u0635\u0629 \u0641\u064a \u0641\u0635\u0644\u064a \u0627\u0644\u0631\u0628\u064a\u0639 \u0648\u0627\u0644\u062e\u0631\u064a\u0641. \u0648\u0645\u0639 \u0630\u0644\u0643\u060c \u0644\u0627 \u064a\u0643\u0648\u0646 \u0645\u0646 \u0627\u0644\u0648\u0627\u0636\u062d \u062f\u0627\u0626\u0645\u064b\u0627 \u0645\u0627 \u0625\u0630\u0627 \u0643\u0627\u0646 \u0630\u0644\u0643 \u0646\u0627\u062a\u062c\u064b\u0627 \u0639\u0646 \u0646\u0632\u0644\u0629 \u0628\u0631\u062f \u0623\u0648 \u062d\u0645\u0649 \u0627\u0644\u0642\u0634.<\/p>","protected":false},"author":2,"featured_media":3966,"comment_status":"closed","ping_status":"closed","sticky":false,"template":"","format":"standard","meta":{"footnotes":""},"categories":[134,113,1],"tags":[],"class_list":["post-3963","post","type-post","status-publish","format-standard","has-post-thumbnail","hentry","category-allergie","category-hno","category-hno-praxis"],"yoast_head":"<!-- This site is optimized with the Yoast SEO plugin v27.3 - https:\/\/yoast.com\/product\/yoast-seo-wordpress\/ -->\n<title>Heuschnupfen oder Erk\u00e4ltung | Ihr HNO-Arzt in Frankfurt<\/title>\n<meta name=\"description\" content=\"Heuschnupfen oder Erk\u00e4ltung \u2713 Jede Allergie ist individuell \u2013 deshalb lohnt es sich, mit uns die optimale Behandlungsstrategie zu finden.\" \/>\n<meta name=\"robots\" content=\"index, follow, max-snippet:-1, max-image-preview:large, max-video-preview:-1\" \/>\n<link rel=\"canonical\" href=\"https:\/\/www.praxisklinik-goethe10.de\/ar\/\u062d\u0645\u0649-\u0627\u0644\u0642\u0634-\u0623\u0648-\u0627\u0644\u0628\u0631\u062f\/\" \/>\n<meta property=\"og:locale\" content=\"ar_AR\" \/>\n<meta property=\"og:type\" content=\"article\" \/>\n<meta property=\"og:title\" content=\"Heuschnupfen oder Erk\u00e4ltung | Ihr HNO-Arzt in Frankfurt\" \/>\n<meta property=\"og:description\" content=\"Heuschnupfen oder Erk\u00e4ltung \u2713 Jede Allergie ist individuell \u2013 deshalb lohnt es sich, mit uns die optimale Behandlungsstrategie zu finden.\" \/>\n<meta property=\"og:url\" content=\"https:\/\/www.praxisklinik-goethe10.de\/ar\/\u062d\u0645\u0649-\u0627\u0644\u0642\u0634-\u0623\u0648-\u0627\u0644\u0628\u0631\u062f\/\" \/>\n<meta property=\"og:site_name\" content=\"HNO Frankfurt | Dr. Thomas Fischer\" \/>\n<meta property=\"article:published_time\" content=\"2025-02-24T14:13:51+00:00\" \/>\n<meta property=\"article:modified_time\" content=\"2025-12-02T14:28:13+00:00\" \/>\n<meta property=\"og:image\" content=\"https:\/\/www.praxisklinik-goethe10.de\/wp-content\/uploads\/2025\/03\/0148_Blog_Heuschnupfen-oder-Erkaeltung_01.jpg\" \/>\n\t<meta property=\"og:image:width\" content=\"1000\" \/>\n\t<meta property=\"og:image:height\" content=\"500\" \/>\n\t<meta property=\"og:image:type\" content=\"image\/jpeg\" \/>\n<meta name=\"author\" content=\"Praxisklinik Goethe10\" \/>\n<meta name=\"twitter:card\" content=\"summary_large_image\" \/>\n<meta name=\"twitter:label1\" content=\"\u0643\u064f\u062a\u0628 \u0628\u0648\u0627\u0633\u0637\u0629\" \/>\n\t<meta name=\"twitter:data1\" content=\"Praxisklinik Goethe10\" \/>\n\t<meta name=\"twitter:label2\" content=\"\u0648\u0642\u062a \u0627\u0644\u0642\u0631\u0627\u0621\u0629 \u0627\u0644\u0645\u064f\u0642\u062f\u0651\u0631\" \/>\n\t<meta name=\"twitter:data2\" content=\"8 \u062f\u0642\u0627\u0626\u0642\" \/>\n<script type=\"application\/ld+json\" class=\"yoast-schema-graph\">{\"@context\":\"https:\\\/\\\/schema.org\",\"@graph\":[{\"@type\":\"Article\",\"@id\":\"https:\\\/\\\/www.praxisklinik-goethe10.de\\\/heuschnupfen-oder-erkaeltung\\\/#article\",\"isPartOf\":{\"@id\":\"https:\\\/\\\/www.praxisklinik-goethe10.de\\\/heuschnupfen-oder-erkaeltung\\\/\"},\"author\":{\"name\":\"Praxisklinik Goethe10\",\"@id\":\"https:\\\/\\\/www.praxisklinik-goethe10.de\\\/#\\\/schema\\\/person\\\/ee2d627b5399c08982c9378bee141da9\"},\"headline\":\"Heuschnupfen oder Erk\u00e4ltung: Was habe ich?\",\"datePublished\":\"2025-02-24T14:13:51+00:00\",\"dateModified\":\"2025-12-02T14:28:13+00:00\",\"mainEntityOfPage\":{\"@id\":\"https:\\\/\\\/www.praxisklinik-goethe10.de\\\/heuschnupfen-oder-erkaeltung\\\/\"},\"wordCount\":1748,\"publisher\":{\"@id\":\"https:\\\/\\\/www.praxisklinik-goethe10.de\\\/#organization\"},\"image\":{\"@id\":\"https:\\\/\\\/www.praxisklinik-goethe10.de\\\/heuschnupfen-oder-erkaeltung\\\/#primaryimage\"},\"thumbnailUrl\":\"https:\\\/\\\/www.praxisklinik-goethe10.de\\\/wp-content\\\/uploads\\\/2025\\\/03\\\/0148_Blog_Heuschnupfen-oder-Erkaeltung_01.jpg\",\"articleSection\":[\"Allergie\",\"HNO\",\"HNO-Praxis\"],\"inLanguage\":\"ar\"},{\"@type\":\"WebPage\",\"@id\":\"https:\\\/\\\/www.praxisklinik-goethe10.de\\\/heuschnupfen-oder-erkaeltung\\\/\",\"url\":\"https:\\\/\\\/www.praxisklinik-goethe10.de\\\/heuschnupfen-oder-erkaeltung\\\/\",\"name\":\"Heuschnupfen oder Erk\u00e4ltung | Ihr HNO-Arzt in Frankfurt\",\"isPartOf\":{\"@id\":\"https:\\\/\\\/www.praxisklinik-goethe10.de\\\/#website\"},\"primaryImageOfPage\":{\"@id\":\"https:\\\/\\\/www.praxisklinik-goethe10.de\\\/heuschnupfen-oder-erkaeltung\\\/#primaryimage\"},\"image\":{\"@id\":\"https:\\\/\\\/www.praxisklinik-goethe10.de\\\/heuschnupfen-oder-erkaeltung\\\/#primaryimage\"},\"thumbnailUrl\":\"https:\\\/\\\/www.praxisklinik-goethe10.de\\\/wp-content\\\/uploads\\\/2025\\\/03\\\/0148_Blog_Heuschnupfen-oder-Erkaeltung_01.jpg\",\"datePublished\":\"2025-02-24T14:13:51+00:00\",\"dateModified\":\"2025-12-02T14:28:13+00:00\",\"description\":\"Heuschnupfen oder Erk\u00e4ltung \u2713 Jede Allergie ist individuell \u2013 deshalb lohnt es sich, mit uns die optimale Behandlungsstrategie zu finden.\",\"breadcrumb\":{\"@id\":\"https:\\\/\\\/www.praxisklinik-goethe10.de\\\/heuschnupfen-oder-erkaeltung\\\/#breadcrumb\"},\"inLanguage\":\"ar\",\"potentialAction\":[{\"@type\":\"ReadAction\",\"target\":[\"https:\\\/\\\/www.praxisklinik-goethe10.de\\\/heuschnupfen-oder-erkaeltung\\\/\"]}]},{\"@type\":\"ImageObject\",\"inLanguage\":\"ar\",\"@id\":\"https:\\\/\\\/www.praxisklinik-goethe10.de\\\/heuschnupfen-oder-erkaeltung\\\/#primaryimage\",\"url\":\"https:\\\/\\\/www.praxisklinik-goethe10.de\\\/wp-content\\\/uploads\\\/2025\\\/03\\\/0148_Blog_Heuschnupfen-oder-Erkaeltung_01.jpg\",\"contentUrl\":\"https:\\\/\\\/www.praxisklinik-goethe10.de\\\/wp-content\\\/uploads\\\/2025\\\/03\\\/0148_Blog_Heuschnupfen-oder-Erkaeltung_01.jpg\",\"width\":1000,\"height\":500,\"caption\":\"Heuschnupfen oder Erk\u00e4ltung\"},{\"@type\":\"BreadcrumbList\",\"@id\":\"https:\\\/\\\/www.praxisklinik-goethe10.de\\\/heuschnupfen-oder-erkaeltung\\\/#breadcrumb\",\"itemListElement\":[{\"@type\":\"ListItem\",\"position\":1,\"name\":\"Startseite\",\"item\":\"https:\\\/\\\/www.praxisklinik-goethe10.de\\\/\"},{\"@type\":\"ListItem\",\"position\":2,\"name\":\"Heuschnupfen oder Erk\u00e4ltung: Was habe ich?\"}]},{\"@type\":\"WebSite\",\"@id\":\"https:\\\/\\\/www.praxisklinik-goethe10.de\\\/#website\",\"url\":\"https:\\\/\\\/www.praxisklinik-goethe10.de\\\/\",\"name\":\"HNO Frankfurt | Dr. Thomas Fischer\",\"description\":\"HNO Arzt Frankfurt\",\"publisher\":{\"@id\":\"https:\\\/\\\/www.praxisklinik-goethe10.de\\\/#organization\"},\"potentialAction\":[{\"@type\":\"SearchAction\",\"target\":{\"@type\":\"EntryPoint\",\"urlTemplate\":\"https:\\\/\\\/www.praxisklinik-goethe10.de\\\/?s={search_term_string}\"},\"query-input\":{\"@type\":\"PropertyValueSpecification\",\"valueRequired\":true,\"valueName\":\"search_term_string\"}}],\"inLanguage\":\"ar\"},{\"@type\":\"Organization\",\"@id\":\"https:\\\/\\\/www.praxisklinik-goethe10.de\\\/#organization\",\"name\":\"Praxisklinik Goethe 10\",\"url\":\"https:\\\/\\\/www.praxisklinik-goethe10.de\\\/\",\"logo\":{\"@type\":\"ImageObject\",\"inLanguage\":\"ar\",\"@id\":\"https:\\\/\\\/www.praxisklinik-goethe10.de\\\/#\\\/schema\\\/logo\\\/image\\\/\",\"url\":\"https:\\\/\\\/www.praxisklinik-goethe10.de\\\/wp-content\\\/uploads\\\/2018\\\/03\\\/dr-fischer-hno-frankfurt-slider.png\",\"contentUrl\":\"https:\\\/\\\/www.praxisklinik-goethe10.de\\\/wp-content\\\/uploads\\\/2018\\\/03\\\/dr-fischer-hno-frankfurt-slider.png\",\"width\":400,\"height\":200,\"caption\":\"Praxisklinik Goethe 10\"},\"image\":{\"@id\":\"https:\\\/\\\/www.praxisklinik-goethe10.de\\\/#\\\/schema\\\/logo\\\/image\\\/\"}},{\"@type\":\"Person\",\"@id\":\"https:\\\/\\\/www.praxisklinik-goethe10.de\\\/#\\\/schema\\\/person\\\/ee2d627b5399c08982c9378bee141da9\",\"name\":\"Praxisklinik Goethe10\",\"image\":{\"@type\":\"ImageObject\",\"inLanguage\":\"ar\",\"@id\":\"https:\\\/\\\/secure.gravatar.com\\\/avatar\\\/91039de23fa5a7174b1f821d9ec7ef51fc31b69b29351edc872ded7112632e0c?s=96&d=mm&r=g\",\"url\":\"https:\\\/\\\/secure.gravatar.com\\\/avatar\\\/91039de23fa5a7174b1f821d9ec7ef51fc31b69b29351edc872ded7112632e0c?s=96&d=mm&r=g\",\"contentUrl\":\"https:\\\/\\\/secure.gravatar.com\\\/avatar\\\/91039de23fa5a7174b1f821d9ec7ef51fc31b69b29351edc872ded7112632e0c?s=96&d=mm&r=g\",\"caption\":\"Praxisklinik Goethe10\"}}]}<\/script>\n<!-- \/ Yoast SEO plugin. -->","yoast_head_json":{"title":"\u062d\u0645\u0649 \u0627\u0644\u0642\u0634 \u0623\u0648 \u0627\u0644\u0632\u0643\u0627\u0645 | \u0637\u0628\u064a\u0628 \u0627\u0644\u0623\u0646\u0641 \u0648\u0627\u0644\u0623\u0630\u0646 \u0648\u0627\u0644\u062d\u0646\u062c\u0631\u0629 \u0627\u0644\u062e\u0627\u0635 \u0628\u0643 \u0641\u064a \u0641\u0631\u0627\u0646\u0643\u0641\u0648\u0631\u062a","description":"\u062d\u0645\u0649 \u0627\u0644\u0642\u0634 \u0623\u0648 \u0646\u0632\u0644\u0627\u062a \u0627\u0644\u0628\u0631\u062f \u2713 \u0643\u0644 \u062d\u0633\u0627\u0633\u064a\u0629 \u0641\u0631\u062f\u064a\u0629 - \u0644\u0647\u0630\u0627 \u0627\u0644\u0633\u0628\u0628 \u064a\u062c\u062f\u0631 \u0628\u0643 \u0625\u064a\u062c\u0627\u062f \u0627\u0633\u062a\u0631\u0627\u062a\u064a\u062c\u064a\u0629 \u0627\u0644\u0639\u0644\u0627\u062c \u0627\u0644\u0623\u0645\u062b\u0644 \u0645\u0639\u0646\u0627.","robots":{"index":"index","follow":"follow","max-snippet":"max-snippet:-1","max-image-preview":"max-image-preview:large","max-video-preview":"max-video-preview:-1"},"canonical":"https:\/\/www.praxisklinik-goethe10.de\/ar\/\u062d\u0645\u0649-\u0627\u0644\u0642\u0634-\u0623\u0648-\u0627\u0644\u0628\u0631\u062f\/","og_locale":"ar_AR","og_type":"article","og_title":"Heuschnupfen oder Erk\u00e4ltung | Ihr HNO-Arzt in Frankfurt","og_description":"Heuschnupfen oder Erk\u00e4ltung \u2713 Jede Allergie ist individuell \u2013 deshalb lohnt es sich, mit uns die optimale Behandlungsstrategie zu finden.","og_url":"https:\/\/www.praxisklinik-goethe10.de\/ar\/\u062d\u0645\u0649-\u0627\u0644\u0642\u0634-\u0623\u0648-\u0627\u0644\u0628\u0631\u062f\/","og_site_name":"HNO Frankfurt | Dr. Thomas Fischer","article_published_time":"2025-02-24T14:13:51+00:00","article_modified_time":"2025-12-02T14:28:13+00:00","og_image":[{"width":1000,"height":500,"url":"https:\/\/www.praxisklinik-goethe10.de\/wp-content\/uploads\/2025\/03\/0148_Blog_Heuschnupfen-oder-Erkaeltung_01.jpg","type":"image\/jpeg"}],"author":"Praxisklinik Goethe10","twitter_card":"summary_large_image","twitter_misc":{"\u0643\u064f\u062a\u0628 \u0628\u0648\u0627\u0633\u0637\u0629":"Praxisklinik Goethe10","\u0648\u0642\u062a \u0627\u0644\u0642\u0631\u0627\u0621\u0629 \u0627\u0644\u0645\u064f\u0642\u062f\u0651\u0631":"8 \u062f\u0642\u0627\u0626\u0642"},"schema":{"@context":"https:\/\/schema.org","@graph":[{"@type":"Article","@id":"https:\/\/www.praxisklinik-goethe10.de\/heuschnupfen-oder-erkaeltung\/#article","isPartOf":{"@id":"https:\/\/www.praxisklinik-goethe10.de\/heuschnupfen-oder-erkaeltung\/"},"author":{"name":"Praxisklinik Goethe10","@id":"https:\/\/www.praxisklinik-goethe10.de\/#\/schema\/person\/ee2d627b5399c08982c9378bee141da9"},"headline":"Heuschnupfen oder Erk\u00e4ltung: Was habe ich?","datePublished":"2025-02-24T14:13:51+00:00","dateModified":"2025-12-02T14:28:13+00:00","mainEntityOfPage":{"@id":"https:\/\/www.praxisklinik-goethe10.de\/heuschnupfen-oder-erkaeltung\/"},"wordCount":1748,"publisher":{"@id":"https:\/\/www.praxisklinik-goethe10.de\/#organization"},"image":{"@id":"https:\/\/www.praxisklinik-goethe10.de\/heuschnupfen-oder-erkaeltung\/#primaryimage"},"thumbnailUrl":"https:\/\/www.praxisklinik-goethe10.de\/wp-content\/uploads\/2025\/03\/0148_Blog_Heuschnupfen-oder-Erkaeltung_01.jpg","articleSection":["Allergie","HNO","HNO-Praxis"],"inLanguage":"ar"},{"@type":"WebPage","@id":"https:\/\/www.praxisklinik-goethe10.de\/heuschnupfen-oder-erkaeltung\/","url":"https:\/\/www.praxisklinik-goethe10.de\/heuschnupfen-oder-erkaeltung\/","name":"\u062d\u0645\u0649 \u0627\u0644\u0642\u0634 \u0623\u0648 \u0627\u0644\u0632\u0643\u0627\u0645 | \u0637\u0628\u064a\u0628 \u0627\u0644\u0623\u0646\u0641 \u0648\u0627\u0644\u0623\u0630\u0646 \u0648\u0627\u0644\u062d\u0646\u062c\u0631\u0629 \u0627\u0644\u062e\u0627\u0635 \u0628\u0643 \u0641\u064a \u0641\u0631\u0627\u0646\u0643\u0641\u0648\u0631\u062a","isPartOf":{"@id":"https:\/\/www.praxisklinik-goethe10.de\/#website"},"primaryImageOfPage":{"@id":"https:\/\/www.praxisklinik-goethe10.de\/heuschnupfen-oder-erkaeltung\/#primaryimage"},"image":{"@id":"https:\/\/www.praxisklinik-goethe10.de\/heuschnupfen-oder-erkaeltung\/#primaryimage"},"thumbnailUrl":"https:\/\/www.praxisklinik-goethe10.de\/wp-content\/uploads\/2025\/03\/0148_Blog_Heuschnupfen-oder-Erkaeltung_01.jpg","datePublished":"2025-02-24T14:13:51+00:00","dateModified":"2025-12-02T14:28:13+00:00","description":"\u062d\u0645\u0649 \u0627\u0644\u0642\u0634 \u0623\u0648 \u0646\u0632\u0644\u0627\u062a \u0627\u0644\u0628\u0631\u062f \u2713 \u0643\u0644 \u062d\u0633\u0627\u0633\u064a\u0629 \u0641\u0631\u062f\u064a\u0629 - \u0644\u0647\u0630\u0627 \u0627\u0644\u0633\u0628\u0628 \u064a\u062c\u062f\u0631 \u0628\u0643 \u0625\u064a\u062c\u0627\u062f \u0627\u0633\u062a\u0631\u0627\u062a\u064a\u062c\u064a\u0629 \u0627\u0644\u0639\u0644\u0627\u062c \u0627\u0644\u0623\u0645\u062b\u0644 \u0645\u0639\u0646\u0627.","breadcrumb":{"@id":"https:\/\/www.praxisklinik-goethe10.de\/heuschnupfen-oder-erkaeltung\/#breadcrumb"},"inLanguage":"ar","potentialAction":[{"@type":"ReadAction","target":["https:\/\/www.praxisklinik-goethe10.de\/heuschnupfen-oder-erkaeltung\/"]}]},{"@type":"ImageObject","inLanguage":"ar","@id":"https:\/\/www.praxisklinik-goethe10.de\/heuschnupfen-oder-erkaeltung\/#primaryimage","url":"https:\/\/www.praxisklinik-goethe10.de\/wp-content\/uploads\/2025\/03\/0148_Blog_Heuschnupfen-oder-Erkaeltung_01.jpg","contentUrl":"https:\/\/www.praxisklinik-goethe10.de\/wp-content\/uploads\/2025\/03\/0148_Blog_Heuschnupfen-oder-Erkaeltung_01.jpg","width":1000,"height":500,"caption":"Heuschnupfen oder Erk\u00e4ltung"},{"@type":"BreadcrumbList","@id":"https:\/\/www.praxisklinik-goethe10.de\/heuschnupfen-oder-erkaeltung\/#breadcrumb","itemListElement":[{"@type":"ListItem","position":1,"name":"Startseite","item":"https:\/\/www.praxisklinik-goethe10.de\/"},{"@type":"ListItem","position":2,"name":"Heuschnupfen oder Erk\u00e4ltung: Was habe ich?"}]},{"@type":"WebSite","@id":"https:\/\/www.praxisklinik-goethe10.de\/#website","url":"https:\/\/www.praxisklinik-goethe10.de\/","name":"\u0627\u0644\u0623\u0646\u0641 \u0648\u0627\u0644\u0623\u0630\u0646 \u0648\u0627\u0644\u062d\u0646\u062c\u0631\u0629 \u0641\u064a \u0641\u0631\u0627\u0646\u0643\u0641\u0648\u0631\u062a | \u062f. \u062a\u0648\u0645\u0627\u0633 \u0641\u064a\u0634\u0631","description":"\u0637\u0628\u064a\u0628 \u0627\u0644\u0623\u0646\u0641 \u0648\u0627\u0644\u0623\u0630\u0646 \u0648\u0627\u0644\u062d\u0646\u062c\u0631\u0629 \u0641\u0631\u0627\u0646\u0643\u0641\u0648\u0631\u062a","publisher":{"@id":"https:\/\/www.praxisklinik-goethe10.de\/#organization"},"potentialAction":[{"@type":"SearchAction","target":{"@type":"EntryPoint","urlTemplate":"https:\/\/www.praxisklinik-goethe10.de\/?s={search_term_string}"},"query-input":{"@type":"PropertyValueSpecification","valueRequired":true,"valueName":"search_term_string"}}],"inLanguage":"ar"},{"@type":"Organization","@id":"https:\/\/www.praxisklinik-goethe10.de\/#organization","name":"\u0639\u064a\u0627\u062f\u0629 \u062c\u0648\u062a\u0647 10","url":"https:\/\/www.praxisklinik-goethe10.de\/","logo":{"@type":"ImageObject","inLanguage":"ar","@id":"https:\/\/www.praxisklinik-goethe10.de\/#\/schema\/logo\/image\/","url":"https:\/\/www.praxisklinik-goethe10.de\/wp-content\/uploads\/2018\/03\/dr-fischer-hno-frankfurt-slider.png","contentUrl":"https:\/\/www.praxisklinik-goethe10.de\/wp-content\/uploads\/2018\/03\/dr-fischer-hno-frankfurt-slider.png","width":400,"height":200,"caption":"Praxisklinik Goethe 10"},"image":{"@id":"https:\/\/www.praxisklinik-goethe10.de\/#\/schema\/logo\/image\/"}},{"@type":"Person","@id":"https:\/\/www.praxisklinik-goethe10.de\/#\/schema\/person\/ee2d627b5399c08982c9378bee141da9","name":"\u0639\u064a\u0627\u062f\u0629 \u0645\u0645\u0627\u0631\u0633\u0629 \u062c\u0648\u062a\u0647 10","image":{"@type":"ImageObject","inLanguage":"ar","@id":"https:\/\/secure.gravatar.com\/avatar\/91039de23fa5a7174b1f821d9ec7ef51fc31b69b29351edc872ded7112632e0c?s=96&d=mm&r=g","url":"https:\/\/secure.gravatar.com\/avatar\/91039de23fa5a7174b1f821d9ec7ef51fc31b69b29351edc872ded7112632e0c?s=96&d=mm&r=g","contentUrl":"https:\/\/secure.gravatar.com\/avatar\/91039de23fa5a7174b1f821d9ec7ef51fc31b69b29351edc872ded7112632e0c?s=96&d=mm&r=g","caption":"Praxisklinik Goethe10"}}]}},"_links":{"self":[{"href":"https:\/\/www.praxisklinik-goethe10.de\/ar\/wp-json\/wp\/v2\/posts\/3963","targetHints":{"allow":["GET"]}}],"collection":[{"href":"https:\/\/www.praxisklinik-goethe10.de\/ar\/wp-json\/wp\/v2\/posts"}],"about":[{"href":"https:\/\/www.praxisklinik-goethe10.de\/ar\/wp-json\/wp\/v2\/types\/post"}],"author":[{"embeddable":true,"href":"https:\/\/www.praxisklinik-goethe10.de\/ar\/wp-json\/wp\/v2\/users\/2"}],"replies":[{"embeddable":true,"href":"https:\/\/www.praxisklinik-goethe10.de\/ar\/wp-json\/wp\/v2\/comments?post=3963"}],"version-history":[{"count":5,"href":"https:\/\/www.praxisklinik-goethe10.de\/ar\/wp-json\/wp\/v2\/posts\/3963\/revisions"}],"predecessor-version":[{"id":4308,"href":"https:\/\/www.praxisklinik-goethe10.de\/ar\/wp-json\/wp\/v2\/posts\/3963\/revisions\/4308"}],"wp:featuredmedia":[{"embeddable":true,"href":"https:\/\/www.praxisklinik-goethe10.de\/ar\/wp-json\/wp\/v2\/media\/3966"}],"wp:attachment":[{"href":"https:\/\/www.praxisklinik-goethe10.de\/ar\/wp-json\/wp\/v2\/media?parent=3963"}],"wp:term":[{"taxonomy":"category","embeddable":true,"href":"https:\/\/www.praxisklinik-goethe10.de\/ar\/wp-json\/wp\/v2\/categories?post=3963"},{"taxonomy":"post_tag","embeddable":true,"href":"https:\/\/www.praxisklinik-goethe10.de\/ar\/wp-json\/wp\/v2\/tags?post=3963"}],"curies":[{"name":"\u062f\u0628\u0644\u064a\u0648 \u0628\u064a","href":"https:\/\/api.w.org\/{rel}","templated":true}]}}