{"id":3968,"date":"2025-03-06T10:50:49","date_gmt":"2025-03-06T09:50:49","guid":{"rendered":"https:\/\/www.praxisklinik-goethe10.de\/?p=3968"},"modified":"2025-12-02T15:50:53","modified_gmt":"2025-12-02T14:50:53","slug":"%d8%a7%d8%ae%d8%aa%d8%a8%d8%a7%d8%b1-%d8%a7%d9%84%d8%ad%d8%b3%d8%a7%d8%b3%d9%8a%d8%a9-%d9%81%d9%8a-hno","status":"publish","type":"post","link":"https:\/\/www.praxisklinik-goethe10.de\/ar\/%d8%a7%d8%ae%d8%aa%d8%a8%d8%a7%d8%b1-%d8%a7%d9%84%d8%ad%d8%b3%d8%a7%d8%b3%d9%8a%d8%a9-%d9%81%d9%8a-hno\/","title":{"rendered":"\u0627\u062e\u062a\u0628\u0627\u0631 \u0627\u0644\u062d\u0633\u0627\u0633\u064a\u0629 \u0641\u064a \u0627\u0644\u0623\u0646\u0641 \u0648\u0627\u0644\u0623\u0630\u0646 \u0648\u0627\u0644\u062d\u0646\u062c\u0631\u0629: \u0643\u064a\u0641 \u064a\u0639\u0645\u0644"},"content":{"rendered":"<div      class=\"vc_row wpb_row section vc_row-fluid \" style=' text-align:left;'><div class=\" full_section_inner clearfix\"><div class=\"wpb_column vc_column_container vc_col-sm-12\"><div class=\"vc_column-inner\"><div class=\"wpb_wrapper\">\n\t<div class=\"wpb_text_column wpb_content_element \">\n\t\t<div class=\"wpb_wrapper\">\n\t\t\t<p><strong>Niesanf\u00e4lle, juckende Augen sowie eine verstopfte oder st\u00e4ndig laufende Nase \u2013 viele Menschen kennen diese Beschwerden, doch die Ursache bleibt oft unklar. Handelt es sich um eine Erk\u00e4ltung oder steckt eine Allergie dahinter? Ein gezielter Allergietest beim HNO kann Gewissheit schaffen. Moderne Diagnoseverfahren erm\u00f6glichen es, Ausl\u00f6ser pr\u00e4zise zu identifizieren und eine passende Behandlung einzuleiten. Im Folgenden erkl\u00e4ren wir Ihnen, wie die Untersuchungen ablaufen \u2013 und wor\u00fcber sie Aussagen treffen k\u00f6nnen.<\/strong><\/p>\n\n\t\t<\/div> \n\t<\/div> <div class=\"separator  normal   \" style=\"margin-top: 40pxpx;margin-bottom: 0pxpx;background-color: #b0563c;\"><\/div>\n\n\t<div class=\"wpb_text_column wpb_content_element \">\n\t\t<div class=\"wpb_wrapper\">\n\t\t\t<h3>Welche grunds\u00e4tzlichen Arten von Allergien gibt es?<\/h3>\n<p>Allergien lassen sich in verschiedene Arten unterteilen, abh\u00e4ngig davon, welche Substanzen die Reaktion ausl\u00f6sen und wie sich die Symptome \u00e4u\u00dfern. Die wichtigsten Allergietypen sind:<\/p>\n<h5>Pollenallergie (Heuschnupfen)<\/h5>\n<ul>\n<li>Ausgel\u00f6st durch Pollen von Gr\u00e4sern, B\u00e4umen und Kr\u00e4utern<\/li>\n<li>Typische Symptome: Niesen, juckende oder tr\u00e4nende Augen, verstopfte oder laufende Nase<\/li>\n<\/ul>\n<h5>Hausstaubmilbenallergie<\/h5>\n<ul>\n<li>Reaktion auf die Ausscheidungen von Hausstaubmilben<\/li>\n<li>Symptome treten verst\u00e4rkt morgens auf, da sich Milben in Matratzen und Polsterm\u00f6beln befinden<\/li>\n<li>H\u00e4ufige Beschwerden: Niesen, verstopfte Nase, Atemprobleme<\/li>\n<\/ul>\n<h5>Tierhaarallergie<\/h5>\n<ul>\n<li>Verursacht durch Proteine in Haaren, Hautschuppen, Speichel oder Urin von Tieren (Katzen, Hunde, Nagetiere, Pferde)<\/li>\n<li>Symptome: Atemwegsreizungen, Hautausschl\u00e4ge, juckende Augen<\/li>\n<\/ul>\n<h5>Schimmelpilzallergie<\/h5>\n<ul>\n<li>K\u00f6rperliche Reaktion auf Sporen von Schimmelpilzen in feuchten R\u00e4umen oder in der Natur<\/li>\n<li>Symptome: \u00e4hnlich einem Heuschnupfen, oft zus\u00e4tzlich Atembeschwerden<\/li>\n<\/ul>\n<h5>Nahrungsmittelallergie<\/h5>\n<ul>\n<li>Immunsystem reagiert auf bestimmte Eiwei\u00dfe in Lebensmitteln<\/li>\n<li>H\u00e4ufige Ausl\u00f6ser: N\u00fcsse, Milch, Eier, Fisch, Soja, Gluten<\/li>\n<li>Beschwerden: Hautreaktionen, Magen-Darm-Beschwerden, Atemnot bis hin zu einem anaphylaktischen Schock<\/li>\n<\/ul>\n<h5>Insektengiftallergie<\/h5>\n<ul>\n<li>Reaktion auf Stiche von Bienen, Wespen, Hornissen oder M\u00fccken<\/li>\n<li>M\u00f6gliche Folgen: Starke Schwellung, Kreislaufprobleme oder sogar ein allergischer Schock<\/li>\n<\/ul>\n<h5>Kontaktallergie (Kontaktdermatitis)<\/h5>\n<ul>\n<li>Tritt bei direktem Hautkontakt mit allergieausl\u00f6senden Stoffen auf<\/li>\n<li>H\u00e4ufige Ausl\u00f6ser: Nickel, Latex, Duftstoffe, Konservierungsmittel<\/li>\n<li>Symptome: R\u00f6tung, Juckreiz, Bl\u00e4schenbildung<\/li>\n<\/ul>\n<h5>Arzneimittelallergie<\/h5>\n<ul>\n<li>\u00dcberempfindlichkeit gegen bestimmte Medikamente<\/li>\n<li>Symptome: variieren von Hautausschl\u00e4gen bis zu schweren Kreislaufreaktionen<\/li>\n<\/ul>\n<h5>Sonnenallergie (Lichtdermatose)<\/h5>\n<ul>\n<li>\u00dcberreaktion der Haut auf UV-Strahlung<\/li>\n<li>Symptome: juckende Hautr\u00f6tungen, Bl\u00e4schen oder Quaddeln nach Sonnenexposition<\/li>\n<\/ul>\n\n\t\t<\/div> \n\t<\/div> \t<div class=\"vc_empty_space\"  style=\"height: 30px\" ><span\r\n\t\t\tclass=\"vc_empty_space_inner\">\r\n\t\t\t<span class=\"empty_space_image\"  ><\/span>\r\n\t\t<\/span><\/div>\r\n\n\r\n\t<div class=\"wpb_single_image wpb_content_element vc_align_left\">\r\n\t\t<div class=\"wpb_wrapper\">\r\n\t\t\t\r\n\t\t\t<a class=\"qode-prettyphoto qode-single-image-pretty-photo\" data-rel=\"prettyPhoto[rel-3968-1228224353]\" href=\"https:\/\/www.praxisklinik-goethe10.de\/wp-content\/uploads\/2025\/03\/0148_Blog_Allergietest-beim-HNO_02.jpg\" target=\"_self\"><div class=\"vc_single_image-wrapper   vc_box_border_grey\"><img loading=\"lazy\" decoding=\"async\" width=\"1000\" height=\"1000\" src=\"https:\/\/www.praxisklinik-goethe10.de\/wp-content\/uploads\/2025\/03\/0148_Blog_Allergietest-beim-HNO_02.jpg\" class=\"vc_single_image-img attachment-full\" alt=\"Allergietest beim HNO\" srcset=\"https:\/\/www.praxisklinik-goethe10.de\/wp-content\/uploads\/2025\/03\/0148_Blog_Allergietest-beim-HNO_02.jpg 1000w, https:\/\/www.praxisklinik-goethe10.de\/wp-content\/uploads\/2025\/03\/0148_Blog_Allergietest-beim-HNO_02-300x300.jpg 300w, https:\/\/www.praxisklinik-goethe10.de\/wp-content\/uploads\/2025\/03\/0148_Blog_Allergietest-beim-HNO_02-150x150.jpg 150w, https:\/\/www.praxisklinik-goethe10.de\/wp-content\/uploads\/2025\/03\/0148_Blog_Allergietest-beim-HNO_02-768x768.jpg 768w, https:\/\/www.praxisklinik-goethe10.de\/wp-content\/uploads\/2025\/03\/0148_Blog_Allergietest-beim-HNO_02-12x12.jpg 12w, https:\/\/www.praxisklinik-goethe10.de\/wp-content\/uploads\/2025\/03\/0148_Blog_Allergietest-beim-HNO_02-570x570.jpg 570w, https:\/\/www.praxisklinik-goethe10.de\/wp-content\/uploads\/2025\/03\/0148_Blog_Allergietest-beim-HNO_02-500x500.jpg 500w, https:\/\/www.praxisklinik-goethe10.de\/wp-content\/uploads\/2025\/03\/0148_Blog_Allergietest-beim-HNO_02-700x700.jpg 700w\" sizes=\"auto, (max-width: 1000px) 100vw, 1000px\" \/><\/div><\/a>\r\n\t\t<\/div>\r\n\t<\/div>\r\n\t<div class=\"vc_empty_space\"  style=\"height: 30px\" ><span\r\n\t\t\tclass=\"vc_empty_space_inner\">\r\n\t\t\t<span class=\"empty_space_image\"  ><\/span>\r\n\t\t<\/span><\/div>\r\n\n\n\t<div class=\"wpb_text_column wpb_content_element \">\n\t\t<div class=\"wpb_wrapper\">\n\t\t\t<h3>Allergietest: Wann sollte man einen machen?<\/h3>\n<p>Ein Allergietest ist sinnvoll, wenn es wiederkehrende Beschwerden gibt, deren Ursache unklar ist. Besonders dann, wenn Symptome in bestimmten Situationen oder Jahreszeiten verst\u00e4rkt auftreten, ist eine Abkl\u00e4rung wichtig.<\/p>\n<p>Hier sind einige typische Anzeichen und Situationen, in denen ein Allergietest empfohlen wird:<\/p>\n<h5>Anhaltende oder saisonale Beschwerden<\/h5>\n<ul>\n<li>H\u00e4ufiges Niesen, juckende oder tr\u00e4nende Augen, eine verstopfte oder <a href=\"\/nase-laeuft-staendig\/\">laufende Nase<\/a> ohne erkennbare <a href=\"\/heuschnupfen-oder-erkaeltung\/\">Erk\u00e4ltung<\/a><\/li>\n<li>Symptome treten vor allem im Fr\u00fchling oder Sommer auf (Hinweis auf eine Pollenallergie)<\/li>\n<\/ul>\n<h5>Atemwegsprobleme<\/h5>\n<ul>\n<li>Regelm\u00e4\u00dfige Atemnot, pfeifende Atmung oder anhaltender Husten k\u00f6nnen auf allergisches Asthma hinweisen<\/li>\n<li>Beschwerden verschlechtern sich in bestimmten Umgebungen (z. B. bei Kontakt mit Hausstaub, Tieren oder Schimmel)<\/li>\n<\/ul>\n<h5>Hautreaktionen ohne erkennbare Ursache<\/h5>\n<ul>\n<li>Juckreiz, R\u00f6tungen, Ekzeme oder Nesselsucht nach Kontakt mit bestimmten Stoffen oder Lebensmitteln<\/li>\n<\/ul>\n<h5>Verdacht auf Nahrungsmittelallergien<\/h5>\n<ul>\n<li>Magenschmerzen, \u00dcbelkeit, Durchfall oder Hautreaktionen nach dem Verzehr bestimmter Lebensmittel<\/li>\n<li>Pl\u00f6tzliche Schwellungen im Mund- und Rachenraum nach dem Essen<\/li>\n<\/ul>\n<h5>Wiederkehrende Beschwerden in Innenr\u00e4umen<\/h5>\n<ul>\n<li>Symptome verst\u00e4rken sich in der Wohnung oder nachts (Hinweis auf eine Hausstaubmilben- oder Schimmelallergie)<\/li>\n<li>Beschwerden treten vermehrt nach Kontakt mit Haustieren auf<\/li>\n<\/ul>\n<p>Ein fr\u00fchzeitiger Allergietest kann helfen, den Ausl\u00f6ser zu identifizieren und gezielt zu behandeln. So lassen sich Symptome lindern und schwerere Reaktionen vermeiden.<\/p>\n\n\t\t<\/div> \n\t<\/div> \t<div class=\"vc_empty_space\"  style=\"height: 30px\" ><span\r\n\t\t\tclass=\"vc_empty_space_inner\">\r\n\t\t\t<span class=\"empty_space_image\"  ><\/span>\r\n\t\t<\/span><\/div>\r\n\n\n\t<div class=\"wpb_text_column wpb_content_element \">\n\t\t<div class=\"wpb_wrapper\">\n\t\t\t<h3>Allergietest beim HNO: So k\u00f6nnen wir Ihnen in unserer Praxisklinik in Frankfurt helfen<\/h3>\n<p>Durch spezifische Tests k\u00f6nnen wir verschiedene Allergien diagnostizieren und deren Ausl\u00f6ser identifizieren. Bei uns im Fokus steht eine fr\u00fchzeitige Diagnose, um schwerwiegende Entwicklungen wie den sog. <a href=\"https:\/\/www.mein-allergie-portal.com\/pollenallergie-heuschnupfen\/126-etagenwechsel-anzeichen-verlauf-und-gegenmassnahmen.html\" target=\"_blank\" rel=\"noopener\">Etagenwechsel<\/a> \u2013 den \u00dcbergang einer unbehandelten Allergie in ein Asthma bronchiale \u2013 zu verhindern.<\/p>\n<p>M\u00f6glichkeiten des Allergietests in unserer HNO-Praxisklinik in Frankfurt:<\/p>\n\n\t\t<\/div> \n\t<\/div> \t<div class=\"vc_empty_space\"  style=\"height: 30px\" ><span\r\n\t\t\tclass=\"vc_empty_space_inner\">\r\n\t\t\t<span class=\"empty_space_image\"  ><\/span>\r\n\t\t<\/span><\/div>\r\n\n<div class=\"qode-accordion-holder clearfix qode-toggle qode-initial \">\r\n\t<h4 class=\"clearfix qode-title-holder\">\r\n<span class=\"qode-tab-title\">\r\n\t    <span class=\"qode-tab-title-inner\">\r\n        Allergische Anamnese und Schleimhautbefund    <\/span>\r\n<\/span>\r\n<span class=\"qode-accordion-mark\">\r\n    <span class=\"qode-accordion-mark-icon\">\r\n        <span class=\"icon_plus\"><\/span>\r\n        <span class=\"icon_minus-06\"><\/span>\r\n    <\/span>\r\n<\/span>\r\n<\/h4>\r\n<div  class=\"qode-accordion-content \" >\r\n    <div class=\"qode-accordion-content-inner\">\r\n        \n\t<div class=\"wpb_text_column wpb_content_element \">\n\t\t<div class=\"wpb_wrapper\">\n\t\t\t<p>Ein ausf\u00fchrliches Gespr\u00e4ch \u00fcber Ihre Krankengeschichte und Symptome sowie eine Untersuchung Ihrer Schleimh\u00e4ute bilden die Grundlage der Diagnostik.<\/p>\n\n\t\t<\/div> \n\t<\/div>     <\/div>\r\n<\/div><h4 class=\"clearfix qode-title-holder\">\r\n<span class=\"qode-tab-title\">\r\n\t    <span class=\"qode-tab-title-inner\">\r\n        Pricktest    <\/span>\r\n<\/span>\r\n<span class=\"qode-accordion-mark\">\r\n    <span class=\"qode-accordion-mark-icon\">\r\n        <span class=\"icon_plus\"><\/span>\r\n        <span class=\"icon_minus-06\"><\/span>\r\n    <\/span>\r\n<\/span>\r\n<\/h4>\r\n<div  class=\"qode-accordion-content \" >\r\n    <div class=\"qode-accordion-content-inner\">\r\n        \n\t<div class=\"wpb_text_column wpb_content_element \">\n\t\t<div class=\"wpb_wrapper\">\n\t\t\t<p>Er ist ein g\u00e4ngiges Verfahren zur Diagnose von Allergien. Der Pricktest dient dazu, eine \u00dcberempfindlichkeit gegen\u00fcber bestimmten Allergenen wie Pollen, Hausstaubmilben, Tierhaaren oder Nahrungsmitteln nachzuweisen. So l\u00e4uft der Test ab:<\/p>\n<ul>\n<li><strong>Vorbereitung<\/strong><br \/>\nWir reinigen die Haut an Ihrer Unterarminnenseite und zeichnen darauf ein Gitternetz, um die jeweiligen Teststellen zu kennzeichnen. Nun tragen wir nach einem gewissen Schema verschiedene standardisierte Allergenextrakte in kleinen Tropfen auf Ihre Haut auf.<\/li>\n<li><strong>Durchf\u00fchrung<\/strong><br \/>\nMit einer feinen Lanzette ritzen wir Ihre Haut unter den Allergenl\u00f6sungen leicht an, sodass die Substanzen in die oberste Hautschicht eindringen k\u00f6nnen. Die kleine Verletzung ist kaum sp\u00fcrbar und verursacht in der Regel keinerlei Schmerzen.<\/li>\n<li><strong>Beobachtung<\/strong><br \/>\nNach 15 bis 20 Minuten pr\u00fcfen wir die Hautreaktion. Falls eine Allergie gegen eine bestimmte Substanz besteht, bildet sich an der Teststelle eine Quaddel (eine runde Hauterhebung), die von einer R\u00f6tung umgeben sein kann \u2013 \u00e4hnlich einem M\u00fcckenstich.<\/li>\n<li><strong>Auswertung<\/strong><br \/>\nEine positive Reaktion deutet auf eine Sensibilisierung gegen\u00fcber dem jeweiligen Allergen hin. Wir vergleichen die Gr\u00f6\u00dfe der Quaddel mit einer Referenzl\u00f6sung, um die Intensit\u00e4t der Reaktion zu bestimmen. Um eine sichere Diagnose zu stellen, bewerten wir das Ergebnis in Kombination mit Ihrer Krankengeschichte und weiteren Tests (z. B. Bluttests).<\/li>\n<\/ul>\n\n\t\t<\/div> \n\t<\/div>     <\/div>\r\n<\/div><h4 class=\"clearfix qode-title-holder\">\r\n<span class=\"qode-tab-title\">\r\n\t    <span class=\"qode-tab-title-inner\">\r\n        Intrakutantest    <\/span>\r\n<\/span>\r\n<span class=\"qode-accordion-mark\">\r\n    <span class=\"qode-accordion-mark-icon\">\r\n        <span class=\"icon_plus\"><\/span>\r\n        <span class=\"icon_minus-06\"><\/span>\r\n    <\/span>\r\n<\/span>\r\n<\/h4>\r\n<div  class=\"qode-accordion-content \" >\r\n    <div class=\"qode-accordion-content-inner\">\r\n        \n\t<div class=\"wpb_text_column wpb_content_element \">\n\t\t<div class=\"wpb_wrapper\">\n\t\t\t<p>Dieser Allergietest weist eine h\u00f6here Sensitivit\u00e4t auf als der Pricktest. Er wird v. a. dann eingesetzt, wenn der Pricktest keine eindeutigen Ergebnisse liefert oder eine schwache Sensibilisierung vermutet wird. Besonders bei Medikamenten-, Insektengift- und Kontaktallergien ist der Intrakutantest eine hilfreiche Methode.<\/p>\n<p>Er l\u00e4uft \u00e4hnlich ab wie der Pricktest. Der Unterschied: Mit einer feinen Nadel wird eine sehr geringe Menge des Allergenextrakts direkt in die Haut injiziert.<\/p>\n\n\t\t<\/div> \n\t<\/div>     <\/div>\r\n<\/div><h4 class=\"clearfix qode-title-holder\">\r\n<span class=\"qode-tab-title\">\r\n\t    <span class=\"qode-tab-title-inner\">\r\n        Labortest    <\/span>\r\n<\/span>\r\n<span class=\"qode-accordion-mark\">\r\n    <span class=\"qode-accordion-mark-icon\">\r\n        <span class=\"icon_plus\"><\/span>\r\n        <span class=\"icon_minus-06\"><\/span>\r\n    <\/span>\r\n<\/span>\r\n<\/h4>\r\n<div  class=\"qode-accordion-content \" >\r\n    <div class=\"qode-accordion-content-inner\">\r\n        \n\t<div class=\"wpb_text_column wpb_content_element \">\n\t\t<div class=\"wpb_wrapper\">\n\t\t\t<p>Der Labortest als Allergietest beim HNO dient dazu, allergieausl\u00f6sende Stoffe durch eine Blutuntersuchung nachzuweisen. Dabei wird speziell die Menge an Immunglobulin E (IgE)-Antik\u00f6rpern im Blut gemessen, die Ihr K\u00f6rper bei einer allergischen Reaktion bildet. Die Untersuchung l\u00e4uft folgenderma\u00dfen ab:<\/p>\n<ul>\n<li><strong>Blutentnahme<\/strong><br \/>\nWir nehmen eine kleine Menge Blut aus einer Vene.<\/li>\n<li><strong>Analyse im Labor<\/strong><br \/>\nUnser Partnerlabor untersucht Ihr Blut auf spezifische IgE-Antik\u00f6rper gegen verschiedene Allergene. Ein h\u00e4ufig verwendetes Verfahren dabei ist der RAST-Test. Dazu wird Ihr Blut mit Allergenextrakten vermischt. Falls eine Sensibilisierung vorliegt, binden sich die IgE-Antik\u00f6rper an die Allergene. Diese Bindung wird mit radioaktiv markierten oder enzymgekoppelten Substanzen sichtbar gemacht und gemessen. M\u00f6glich ist auch der hochsensitive ImmunoCAP-Test zur pr\u00e4zisen Bestimmung der IgE-Konzentration. Er hat ein besonders breites Allergenspektrum. Es sind \u00fcber 500 getestete Allergene verf\u00fcgbar. F\u00fcr den Test wird das Blut mit Allergenen in speziellen ImmunoCAP-Reaktionsr\u00f6hrchen in Kontakt gebracht. Falls eine Allergie besteht, binden sich spezifische IgE-Antik\u00f6rper an die Allergene. Diese Bindung wird mit fluoreszierenden Substanzen sichtbar gemacht und genau gemessen.<\/li>\n<li><strong>Interpretation des Labortests<\/strong><br \/>\nDie Untersuchungen zeigen, ob das Immunsystem spezifische IgE-Antik\u00f6rper gegen bestimmte Allergene gebildet hat. So erm\u00f6glichen sie uns eine Einsch\u00e4tzung der Allergiest\u00e4rke. Zudem lassen sich m\u00f6gliche Kreuzallergien erkennen, was besonders bei Pollen- und Nahrungsmittelallergien wichtig ist.<\/li>\n<\/ul>\n\n\t\t<\/div> \n\t<\/div>     <\/div>\r\n<\/div><\/div>\t<div class=\"vc_empty_space\"  style=\"height: 30px\" ><span\r\n\t\t\tclass=\"vc_empty_space_inner\">\r\n\t\t\t<span class=\"empty_space_image\"  ><\/span>\r\n\t\t<\/span><\/div>\r\n\n\n\t<div class=\"wpb_text_column wpb_content_element \">\n\t\t<div class=\"wpb_wrapper\">\n\t\t\t<h3>Nach dem Allergietest beim HNO: Behandlungsoptionen bei Allergien<\/h3>\n<p>Die Behandlung von Allergien zielt darauf ab, Symptome zu lindern und das Fortschreiten der Erkrankung zu verhindern. Die Therapie umfasst oft Antihistaminika oder Kortisonpr\u00e4parate, um die Beschwerden zu lindern. Eine weitere M\u00f6glichkeit ist die Immuntherapie, bei der Ihr Immunsystem schrittweise an das Allergen gew\u00f6hnt wird, um die Reaktionsbereitschaft zu reduzieren.<\/p>\n<p>Weiteres erfahren Sie hier: <a href=\"\/allergie-behandlung-frankfurt\/\">Allergie Behandlung in Frankfurt<\/a><\/p>\n<p>Kontaktieren Sie uns einfach, um einen Termin zu vereinbaren!<\/p>\n\n\t\t<\/div> \n\t<\/div> \t<div class=\"vc_empty_space\"  style=\"height: 30px\" ><span\r\n\t\t\tclass=\"vc_empty_space_inner\">\r\n\t\t\t<span class=\"empty_space_image\"  ><\/span>\r\n\t\t<\/span><\/div>\r\n\n<\/div><\/div><\/div><\/div><\/div><div      class=\"vc_row wpb_row section vc_row-fluid  vc_custom_1716470538280\" style='background-image:url(https:\/\/www.praxisklinik-goethe10.de\/wp-content\/uploads\/2024\/05\/dr-fischer-frankfurt-hno-call-to-blog.jpg); text-align:center;'><div class=\" full_section_inner clearfix\"><div class=\"wpb_column vc_column_container vc_col-sm-12\"><div class=\"vc_column-inner\"><div class=\"wpb_wrapper\">\t<div class=\"vc_empty_space\"  style=\"height: 60px\" ><span\r\n\t\t\tclass=\"vc_empty_space_inner\">\r\n\t\t\t<span class=\"empty_space_image\"  ><\/span>\r\n\t\t<\/span><\/div>\r\n\n\n\t<div class=\"wpb_text_column wpb_content_element \">\n\t\t<div class=\"wpb_wrapper\">\n\t\t\t<h3 style=\"text-align: center;\"><span style=\"color: #ffffff;\">Haben Sie Fragen zu diesem Thema oder m\u00f6chten einen Beratungstermin vereinbaren?<\/span><\/h3>\n\n\t\t<\/div> \n\t<\/div> \t<div class=\"vc_empty_space\"  style=\"height: 20px\" ><span\r\n\t\t\tclass=\"vc_empty_space_inner\">\r\n\t\t\t<span class=\"empty_space_image\"  ><\/span>\r\n\t\t<\/span><\/div>\r\n\n<a  itemprop=\"url\" href=\"https:\/\/www.doctolib.de\/praxis\/frankfurt-am-main\/praxisklinik-goethe10\" target=\"_blank\"  class=\"qbutton  medium center default\" style=\"\">Jetzt Termin buchen!<i class=\"qode_icon_font_awesome fa fa-angle-double-right qode_button_icon_element\" style=\"\" ><\/i><\/a>\t<div class=\"vc_empty_space\"  style=\"height: 60px\" ><span\r\n\t\t\tclass=\"vc_empty_space_inner\">\r\n\t\t\t<span class=\"empty_space_image\"  ><\/span>\r\n\t\t<\/span><\/div>\r\n\n<\/div><\/div><\/div><\/div><\/div><div      class=\"vc_row wpb_row section vc_row-fluid \" style=' text-align:left;'><div class=\" full_section_inner clearfix\"><div class=\"wpb_column vc_column_container vc_col-sm-12\"><div class=\"vc_column-inner\"><div class=\"wpb_wrapper\">\t<div class=\"vc_empty_space\"  style=\"height: 30px\" ><span\r\n\t\t\tclass=\"vc_empty_space_inner\">\r\n\t\t\t<span class=\"empty_space_image\"  ><\/span>\r\n\t\t<\/span><\/div>\r\n\n\n\t<div class=\"wpb_text_column wpb_content_element \">\n\t\t<div class=\"wpb_wrapper\">\n\t\t\t<h4>HNO Frankfurt: Dr. med. Thomas Fischer &amp; Dr. med. Albrecht Linke<\/h4>\n<p>Ihre Fach\u00e4rzte f\u00fcr Hals-Nasen-Ohrenheilkunde, die Sie in s\u00e4mtlichen Fragen der HNO-Heilkunde, der funktionell-plastischen Chirurgie sowie der \u00e4sthetischen Behandlung von Ver\u00e4nderungen der Gesichtshaut professionell und individuell beraten, untersuchen und behandeln.<\/p>\n<p><small>Unsere News-Beitr\u00e4ge werden nach bestem Wissen und Gewissen f\u00fcr Sie erstellt und dienen der allgemeinen Weiterbildung. Sie ersetzen auf keinen Fall eine \u00e4rztliche Beratung, Diagnose und Behandlung und sollen weder zur Selbstdiagnose noch zur Selbstbehandlung auffordern. Bitte wenden Sie sich bei gesundheitlichen Beschwerden immer direkt an Ihre HNO Fach\u00e4rzte in Frankfurt!<\/small><\/p>\n\n\t\t<\/div> \n\t<\/div> <div class=\"separator  normal   qode-type1-gradient-left-to-right \" style=\"margin-top: 30px;margin-bottom: 30px;\"><\/div>\n\n\t<div class=\"wpb_text_column wpb_content_element \">\n\t\t<div class=\"wpb_wrapper\">\n\t\t\t<p><small>\u00a9 &#8220;Allergy &#8211; Skin Prick Testing&#8221; by Microgen, stock.adobe.com<br \/>\n\u00a9 &#8220;Allergy line editable icon set. Editable stroke. Vector illustration &#8221; by Cetacons, stock.adobe.com<br \/>\n<\/small><\/p>\n\n\t\t<\/div> \n\t<\/div> <\/div><\/div><\/div><\/div><\/div>\n","protected":false},"excerpt":{"rendered":"<p>\u062a\u062a\u064a\u062d \u0625\u062c\u0631\u0627\u0621\u0627\u062a \u0627\u0644\u062a\u0634\u062e\u064a\u0635 \u0627\u0644\u062d\u062f\u064a\u062b\u0629 \u0625\u0645\u0643\u0627\u0646\u064a\u0629 \u062a\u062d\u062f\u064a\u062f \u0627\u0644\u062d\u0633\u0627\u0633\u064a\u0629 \u0628\u062f\u0642\u0629 \u0648\u0628\u062f\u0621 \u0627\u0644\u0639\u0644\u0627\u062c \u0627\u0644\u0645\u0646\u0627\u0633\u0628. \u0646\u0648\u0636\u062d \u0623\u062f\u0646\u0627\u0647 \u0643\u064a\u0641\u064a\u0629 \u0639\u0645\u0644 \u0627\u0644\u0627\u062e\u062a\u0628\u0627\u0631\u0627\u062a - \u0648\u0645\u0627 \u064a\u0645\u0643\u0646 \u0623\u0646 \u062a\u062e\u0628\u0631\u0646\u0627 \u0628\u0647.<\/p>","protected":false},"author":2,"featured_media":3970,"comment_status":"closed","ping_status":"closed","sticky":false,"template":"","format":"standard","meta":{"footnotes":""},"categories":[134,113,1],"tags":[],"class_list":["post-3968","post","type-post","status-publish","format-standard","has-post-thumbnail","hentry","category-allergie","category-hno","category-hno-praxis"],"yoast_head":"<!-- This site is optimized with the Yoast SEO plugin v27.3 - https:\/\/yoast.com\/product\/yoast-seo-wordpress\/ -->\n<title>Allergietest beim HNO | HNO-Praxisklinik in Frankfurt<\/title>\n<meta name=\"description\" content=\"Allergietest beim HNO \u2713 Moderne Diagnoseverfahren erm\u00f6glichen es, Ausl\u00f6ser zu identifizieren und eine passende Behandlung einzuleiten.\" \/>\n<meta name=\"robots\" content=\"index, follow, max-snippet:-1, max-image-preview:large, max-video-preview:-1\" \/>\n<link rel=\"canonical\" href=\"https:\/\/www.praxisklinik-goethe10.de\/ar\/\u0627\u062e\u062a\u0628\u0627\u0631-\u0627\u0644\u062d\u0633\u0627\u0633\u064a\u0629-\u0641\u064a-hno\/\" \/>\n<meta property=\"og:locale\" content=\"ar_AR\" \/>\n<meta property=\"og:type\" content=\"article\" \/>\n<meta property=\"og:title\" content=\"Allergietest beim HNO | HNO-Praxisklinik in Frankfurt\" \/>\n<meta property=\"og:description\" content=\"Allergietest beim HNO \u2713 Moderne Diagnoseverfahren erm\u00f6glichen es, Ausl\u00f6ser zu identifizieren und eine passende Behandlung einzuleiten.\" \/>\n<meta property=\"og:url\" content=\"https:\/\/www.praxisklinik-goethe10.de\/ar\/\u0627\u062e\u062a\u0628\u0627\u0631-\u0627\u0644\u062d\u0633\u0627\u0633\u064a\u0629-\u0641\u064a-hno\/\" \/>\n<meta property=\"og:site_name\" content=\"HNO Frankfurt | Dr. Thomas Fischer\" \/>\n<meta property=\"article:published_time\" content=\"2025-03-06T09:50:49+00:00\" \/>\n<meta property=\"article:modified_time\" content=\"2025-12-02T14:50:53+00:00\" \/>\n<meta property=\"og:image\" content=\"https:\/\/www.praxisklinik-goethe10.de\/wp-content\/uploads\/2025\/03\/0148_Blog_Allergietest-beim-HNO_01.jpg\" \/>\n\t<meta property=\"og:image:width\" content=\"1000\" \/>\n\t<meta property=\"og:image:height\" content=\"500\" \/>\n\t<meta property=\"og:image:type\" content=\"image\/jpeg\" \/>\n<meta name=\"author\" content=\"Praxisklinik Goethe10\" \/>\n<meta name=\"twitter:card\" content=\"summary_large_image\" \/>\n<meta name=\"twitter:label1\" content=\"\u0643\u064f\u062a\u0628 \u0628\u0648\u0627\u0633\u0637\u0629\" \/>\n\t<meta name=\"twitter:data1\" content=\"Praxisklinik Goethe10\" \/>\n\t<meta name=\"twitter:label2\" content=\"\u0648\u0642\u062a \u0627\u0644\u0642\u0631\u0627\u0621\u0629 \u0627\u0644\u0645\u064f\u0642\u062f\u0651\u0631\" \/>\n\t<meta name=\"twitter:data2\" content=\"8 \u062f\u0642\u0627\u0626\u0642\" \/>\n<script type=\"application\/ld+json\" class=\"yoast-schema-graph\">{\"@context\":\"https:\\\/\\\/schema.org\",\"@graph\":[{\"@type\":\"Article\",\"@id\":\"https:\\\/\\\/www.praxisklinik-goethe10.de\\\/allergietest-beim-hno\\\/#article\",\"isPartOf\":{\"@id\":\"https:\\\/\\\/www.praxisklinik-goethe10.de\\\/allergietest-beim-hno\\\/\"},\"author\":{\"name\":\"Praxisklinik Goethe10\",\"@id\":\"https:\\\/\\\/www.praxisklinik-goethe10.de\\\/#\\\/schema\\\/person\\\/ee2d627b5399c08982c9378bee141da9\"},\"headline\":\"Allergietest beim HNO: So l\u00e4uft er ab\",\"datePublished\":\"2025-03-06T09:50:49+00:00\",\"dateModified\":\"2025-12-02T14:50:53+00:00\",\"mainEntityOfPage\":{\"@id\":\"https:\\\/\\\/www.praxisklinik-goethe10.de\\\/allergietest-beim-hno\\\/\"},\"wordCount\":1667,\"publisher\":{\"@id\":\"https:\\\/\\\/www.praxisklinik-goethe10.de\\\/#organization\"},\"image\":{\"@id\":\"https:\\\/\\\/www.praxisklinik-goethe10.de\\\/allergietest-beim-hno\\\/#primaryimage\"},\"thumbnailUrl\":\"https:\\\/\\\/www.praxisklinik-goethe10.de\\\/wp-content\\\/uploads\\\/2025\\\/03\\\/0148_Blog_Allergietest-beim-HNO_01.jpg\",\"articleSection\":[\"Allergie\",\"HNO\",\"HNO-Praxis\"],\"inLanguage\":\"ar\"},{\"@type\":\"WebPage\",\"@id\":\"https:\\\/\\\/www.praxisklinik-goethe10.de\\\/allergietest-beim-hno\\\/\",\"url\":\"https:\\\/\\\/www.praxisklinik-goethe10.de\\\/allergietest-beim-hno\\\/\",\"name\":\"Allergietest beim HNO | HNO-Praxisklinik in Frankfurt\",\"isPartOf\":{\"@id\":\"https:\\\/\\\/www.praxisklinik-goethe10.de\\\/#website\"},\"primaryImageOfPage\":{\"@id\":\"https:\\\/\\\/www.praxisklinik-goethe10.de\\\/allergietest-beim-hno\\\/#primaryimage\"},\"image\":{\"@id\":\"https:\\\/\\\/www.praxisklinik-goethe10.de\\\/allergietest-beim-hno\\\/#primaryimage\"},\"thumbnailUrl\":\"https:\\\/\\\/www.praxisklinik-goethe10.de\\\/wp-content\\\/uploads\\\/2025\\\/03\\\/0148_Blog_Allergietest-beim-HNO_01.jpg\",\"datePublished\":\"2025-03-06T09:50:49+00:00\",\"dateModified\":\"2025-12-02T14:50:53+00:00\",\"description\":\"Allergietest beim HNO \u2713 Moderne Diagnoseverfahren erm\u00f6glichen es, Ausl\u00f6ser zu identifizieren und eine passende Behandlung einzuleiten.\",\"breadcrumb\":{\"@id\":\"https:\\\/\\\/www.praxisklinik-goethe10.de\\\/allergietest-beim-hno\\\/#breadcrumb\"},\"inLanguage\":\"ar\",\"potentialAction\":[{\"@type\":\"ReadAction\",\"target\":[\"https:\\\/\\\/www.praxisklinik-goethe10.de\\\/allergietest-beim-hno\\\/\"]}]},{\"@type\":\"ImageObject\",\"inLanguage\":\"ar\",\"@id\":\"https:\\\/\\\/www.praxisklinik-goethe10.de\\\/allergietest-beim-hno\\\/#primaryimage\",\"url\":\"https:\\\/\\\/www.praxisklinik-goethe10.de\\\/wp-content\\\/uploads\\\/2025\\\/03\\\/0148_Blog_Allergietest-beim-HNO_01.jpg\",\"contentUrl\":\"https:\\\/\\\/www.praxisklinik-goethe10.de\\\/wp-content\\\/uploads\\\/2025\\\/03\\\/0148_Blog_Allergietest-beim-HNO_01.jpg\",\"width\":1000,\"height\":500,\"caption\":\"Allergietest beim HNO\"},{\"@type\":\"BreadcrumbList\",\"@id\":\"https:\\\/\\\/www.praxisklinik-goethe10.de\\\/allergietest-beim-hno\\\/#breadcrumb\",\"itemListElement\":[{\"@type\":\"ListItem\",\"position\":1,\"name\":\"Startseite\",\"item\":\"https:\\\/\\\/www.praxisklinik-goethe10.de\\\/\"},{\"@type\":\"ListItem\",\"position\":2,\"name\":\"Allergietest beim HNO: So l\u00e4uft er ab\"}]},{\"@type\":\"WebSite\",\"@id\":\"https:\\\/\\\/www.praxisklinik-goethe10.de\\\/#website\",\"url\":\"https:\\\/\\\/www.praxisklinik-goethe10.de\\\/\",\"name\":\"HNO Frankfurt | Dr. Thomas Fischer\",\"description\":\"HNO Arzt Frankfurt\",\"publisher\":{\"@id\":\"https:\\\/\\\/www.praxisklinik-goethe10.de\\\/#organization\"},\"potentialAction\":[{\"@type\":\"SearchAction\",\"target\":{\"@type\":\"EntryPoint\",\"urlTemplate\":\"https:\\\/\\\/www.praxisklinik-goethe10.de\\\/?s={search_term_string}\"},\"query-input\":{\"@type\":\"PropertyValueSpecification\",\"valueRequired\":true,\"valueName\":\"search_term_string\"}}],\"inLanguage\":\"ar\"},{\"@type\":\"Organization\",\"@id\":\"https:\\\/\\\/www.praxisklinik-goethe10.de\\\/#organization\",\"name\":\"Praxisklinik Goethe 10\",\"url\":\"https:\\\/\\\/www.praxisklinik-goethe10.de\\\/\",\"logo\":{\"@type\":\"ImageObject\",\"inLanguage\":\"ar\",\"@id\":\"https:\\\/\\\/www.praxisklinik-goethe10.de\\\/#\\\/schema\\\/logo\\\/image\\\/\",\"url\":\"https:\\\/\\\/www.praxisklinik-goethe10.de\\\/wp-content\\\/uploads\\\/2018\\\/03\\\/dr-fischer-hno-frankfurt-slider.png\",\"contentUrl\":\"https:\\\/\\\/www.praxisklinik-goethe10.de\\\/wp-content\\\/uploads\\\/2018\\\/03\\\/dr-fischer-hno-frankfurt-slider.png\",\"width\":400,\"height\":200,\"caption\":\"Praxisklinik Goethe 10\"},\"image\":{\"@id\":\"https:\\\/\\\/www.praxisklinik-goethe10.de\\\/#\\\/schema\\\/logo\\\/image\\\/\"}},{\"@type\":\"Person\",\"@id\":\"https:\\\/\\\/www.praxisklinik-goethe10.de\\\/#\\\/schema\\\/person\\\/ee2d627b5399c08982c9378bee141da9\",\"name\":\"Praxisklinik Goethe10\",\"image\":{\"@type\":\"ImageObject\",\"inLanguage\":\"ar\",\"@id\":\"https:\\\/\\\/secure.gravatar.com\\\/avatar\\\/91039de23fa5a7174b1f821d9ec7ef51fc31b69b29351edc872ded7112632e0c?s=96&d=mm&r=g\",\"url\":\"https:\\\/\\\/secure.gravatar.com\\\/avatar\\\/91039de23fa5a7174b1f821d9ec7ef51fc31b69b29351edc872ded7112632e0c?s=96&d=mm&r=g\",\"contentUrl\":\"https:\\\/\\\/secure.gravatar.com\\\/avatar\\\/91039de23fa5a7174b1f821d9ec7ef51fc31b69b29351edc872ded7112632e0c?s=96&d=mm&r=g\",\"caption\":\"Praxisklinik Goethe10\"}}]}<\/script>\n<!-- \/ Yoast SEO plugin. -->","yoast_head_json":{"title":"\u0627\u062e\u062a\u0628\u0627\u0631 \u0627\u0644\u062d\u0633\u0627\u0633\u064a\u0629 \u0641\u064a \u0639\u064a\u0627\u062f\u0629 \u0645\u0645\u0627\u0631\u0633\u0629 \u0627\u0644\u0623\u0646\u0641 \u0648\u0627\u0644\u0623\u0630\u0646 \u0648\u0627\u0644\u062d\u0646\u062c\u0631\u0629 \u0641\u064a \u0641\u0631\u0627\u0646\u0643\u0641\u0648\u0631\u062a","description":"\u0627\u062e\u062a\u0628\u0627\u0631 \u0627\u0644\u062d\u0633\u0627\u0633\u064a\u0629 \u0641\u064a \u0627\u0644\u0623\u0646\u0641 \u0648\u0627\u0644\u0623\u0630\u0646 \u0648\u0627\u0644\u062d\u0646\u062c\u0631\u0629 \u2713 \u0627\u0644\u0625\u062c\u0631\u0627\u0621\u0627\u062a \u0627\u0644\u062a\u0634\u062e\u064a\u0635\u064a\u0629 \u0627\u0644\u062d\u062f\u064a\u062b\u0629 \u062a\u062c\u0639\u0644 \u0645\u0646 \u0627\u0644\u0645\u0645\u0643\u0646 \u062a\u062d\u062f\u064a\u062f \u0627\u0644\u0645\u0633\u0628\u0628\u0627\u062a \u0648\u0628\u062f\u0621 \u0627\u0644\u0639\u0644\u0627\u062c \u0627\u0644\u0645\u0646\u0627\u0633\u0628.","robots":{"index":"index","follow":"follow","max-snippet":"max-snippet:-1","max-image-preview":"max-image-preview:large","max-video-preview":"max-video-preview:-1"},"canonical":"https:\/\/www.praxisklinik-goethe10.de\/ar\/\u0627\u062e\u062a\u0628\u0627\u0631-\u0627\u0644\u062d\u0633\u0627\u0633\u064a\u0629-\u0641\u064a-hno\/","og_locale":"ar_AR","og_type":"article","og_title":"Allergietest beim HNO | HNO-Praxisklinik in Frankfurt","og_description":"Allergietest beim HNO \u2713 Moderne Diagnoseverfahren erm\u00f6glichen es, Ausl\u00f6ser zu identifizieren und eine passende Behandlung einzuleiten.","og_url":"https:\/\/www.praxisklinik-goethe10.de\/ar\/\u0627\u062e\u062a\u0628\u0627\u0631-\u0627\u0644\u062d\u0633\u0627\u0633\u064a\u0629-\u0641\u064a-hno\/","og_site_name":"HNO Frankfurt | Dr. Thomas Fischer","article_published_time":"2025-03-06T09:50:49+00:00","article_modified_time":"2025-12-02T14:50:53+00:00","og_image":[{"width":1000,"height":500,"url":"https:\/\/www.praxisklinik-goethe10.de\/wp-content\/uploads\/2025\/03\/0148_Blog_Allergietest-beim-HNO_01.jpg","type":"image\/jpeg"}],"author":"Praxisklinik Goethe10","twitter_card":"summary_large_image","twitter_misc":{"\u0643\u064f\u062a\u0628 \u0628\u0648\u0627\u0633\u0637\u0629":"Praxisklinik Goethe10","\u0648\u0642\u062a \u0627\u0644\u0642\u0631\u0627\u0621\u0629 \u0627\u0644\u0645\u064f\u0642\u062f\u0651\u0631":"8 \u062f\u0642\u0627\u0626\u0642"},"schema":{"@context":"https:\/\/schema.org","@graph":[{"@type":"Article","@id":"https:\/\/www.praxisklinik-goethe10.de\/allergietest-beim-hno\/#article","isPartOf":{"@id":"https:\/\/www.praxisklinik-goethe10.de\/allergietest-beim-hno\/"},"author":{"name":"Praxisklinik Goethe10","@id":"https:\/\/www.praxisklinik-goethe10.de\/#\/schema\/person\/ee2d627b5399c08982c9378bee141da9"},"headline":"Allergietest beim HNO: So l\u00e4uft er ab","datePublished":"2025-03-06T09:50:49+00:00","dateModified":"2025-12-02T14:50:53+00:00","mainEntityOfPage":{"@id":"https:\/\/www.praxisklinik-goethe10.de\/allergietest-beim-hno\/"},"wordCount":1667,"publisher":{"@id":"https:\/\/www.praxisklinik-goethe10.de\/#organization"},"image":{"@id":"https:\/\/www.praxisklinik-goethe10.de\/allergietest-beim-hno\/#primaryimage"},"thumbnailUrl":"https:\/\/www.praxisklinik-goethe10.de\/wp-content\/uploads\/2025\/03\/0148_Blog_Allergietest-beim-HNO_01.jpg","articleSection":["Allergie","HNO","HNO-Praxis"],"inLanguage":"ar"},{"@type":"WebPage","@id":"https:\/\/www.praxisklinik-goethe10.de\/allergietest-beim-hno\/","url":"https:\/\/www.praxisklinik-goethe10.de\/allergietest-beim-hno\/","name":"\u0627\u062e\u062a\u0628\u0627\u0631 \u0627\u0644\u062d\u0633\u0627\u0633\u064a\u0629 \u0641\u064a \u0639\u064a\u0627\u062f\u0629 \u0645\u0645\u0627\u0631\u0633\u0629 \u0627\u0644\u0623\u0646\u0641 \u0648\u0627\u0644\u0623\u0630\u0646 \u0648\u0627\u0644\u062d\u0646\u062c\u0631\u0629 \u0641\u064a \u0641\u0631\u0627\u0646\u0643\u0641\u0648\u0631\u062a","isPartOf":{"@id":"https:\/\/www.praxisklinik-goethe10.de\/#website"},"primaryImageOfPage":{"@id":"https:\/\/www.praxisklinik-goethe10.de\/allergietest-beim-hno\/#primaryimage"},"image":{"@id":"https:\/\/www.praxisklinik-goethe10.de\/allergietest-beim-hno\/#primaryimage"},"thumbnailUrl":"https:\/\/www.praxisklinik-goethe10.de\/wp-content\/uploads\/2025\/03\/0148_Blog_Allergietest-beim-HNO_01.jpg","datePublished":"2025-03-06T09:50:49+00:00","dateModified":"2025-12-02T14:50:53+00:00","description":"\u0627\u062e\u062a\u0628\u0627\u0631 \u0627\u0644\u062d\u0633\u0627\u0633\u064a\u0629 \u0641\u064a \u0627\u0644\u0623\u0646\u0641 \u0648\u0627\u0644\u0623\u0630\u0646 \u0648\u0627\u0644\u062d\u0646\u062c\u0631\u0629 \u2713 \u0627\u0644\u0625\u062c\u0631\u0627\u0621\u0627\u062a \u0627\u0644\u062a\u0634\u062e\u064a\u0635\u064a\u0629 \u0627\u0644\u062d\u062f\u064a\u062b\u0629 \u062a\u062c\u0639\u0644 \u0645\u0646 \u0627\u0644\u0645\u0645\u0643\u0646 \u062a\u062d\u062f\u064a\u062f \u0627\u0644\u0645\u0633\u0628\u0628\u0627\u062a \u0648\u0628\u062f\u0621 \u0627\u0644\u0639\u0644\u0627\u062c \u0627\u0644\u0645\u0646\u0627\u0633\u0628.","breadcrumb":{"@id":"https:\/\/www.praxisklinik-goethe10.de\/allergietest-beim-hno\/#breadcrumb"},"inLanguage":"ar","potentialAction":[{"@type":"ReadAction","target":["https:\/\/www.praxisklinik-goethe10.de\/allergietest-beim-hno\/"]}]},{"@type":"ImageObject","inLanguage":"ar","@id":"https:\/\/www.praxisklinik-goethe10.de\/allergietest-beim-hno\/#primaryimage","url":"https:\/\/www.praxisklinik-goethe10.de\/wp-content\/uploads\/2025\/03\/0148_Blog_Allergietest-beim-HNO_01.jpg","contentUrl":"https:\/\/www.praxisklinik-goethe10.de\/wp-content\/uploads\/2025\/03\/0148_Blog_Allergietest-beim-HNO_01.jpg","width":1000,"height":500,"caption":"Allergietest beim HNO"},{"@type":"BreadcrumbList","@id":"https:\/\/www.praxisklinik-goethe10.de\/allergietest-beim-hno\/#breadcrumb","itemListElement":[{"@type":"ListItem","position":1,"name":"Startseite","item":"https:\/\/www.praxisklinik-goethe10.de\/"},{"@type":"ListItem","position":2,"name":"Allergietest beim HNO: So l\u00e4uft er ab"}]},{"@type":"WebSite","@id":"https:\/\/www.praxisklinik-goethe10.de\/#website","url":"https:\/\/www.praxisklinik-goethe10.de\/","name":"\u0627\u0644\u0623\u0646\u0641 \u0648\u0627\u0644\u0623\u0630\u0646 \u0648\u0627\u0644\u062d\u0646\u062c\u0631\u0629 \u0641\u064a \u0641\u0631\u0627\u0646\u0643\u0641\u0648\u0631\u062a | \u062f. \u062a\u0648\u0645\u0627\u0633 \u0641\u064a\u0634\u0631","description":"\u0637\u0628\u064a\u0628 \u0627\u0644\u0623\u0646\u0641 \u0648\u0627\u0644\u0623\u0630\u0646 \u0648\u0627\u0644\u062d\u0646\u062c\u0631\u0629 \u0641\u0631\u0627\u0646\u0643\u0641\u0648\u0631\u062a","publisher":{"@id":"https:\/\/www.praxisklinik-goethe10.de\/#organization"},"potentialAction":[{"@type":"SearchAction","target":{"@type":"EntryPoint","urlTemplate":"https:\/\/www.praxisklinik-goethe10.de\/?s={search_term_string}"},"query-input":{"@type":"PropertyValueSpecification","valueRequired":true,"valueName":"search_term_string"}}],"inLanguage":"ar"},{"@type":"Organization","@id":"https:\/\/www.praxisklinik-goethe10.de\/#organization","name":"\u0639\u064a\u0627\u062f\u0629 \u062c\u0648\u062a\u0647 10","url":"https:\/\/www.praxisklinik-goethe10.de\/","logo":{"@type":"ImageObject","inLanguage":"ar","@id":"https:\/\/www.praxisklinik-goethe10.de\/#\/schema\/logo\/image\/","url":"https:\/\/www.praxisklinik-goethe10.de\/wp-content\/uploads\/2018\/03\/dr-fischer-hno-frankfurt-slider.png","contentUrl":"https:\/\/www.praxisklinik-goethe10.de\/wp-content\/uploads\/2018\/03\/dr-fischer-hno-frankfurt-slider.png","width":400,"height":200,"caption":"Praxisklinik Goethe 10"},"image":{"@id":"https:\/\/www.praxisklinik-goethe10.de\/#\/schema\/logo\/image\/"}},{"@type":"Person","@id":"https:\/\/www.praxisklinik-goethe10.de\/#\/schema\/person\/ee2d627b5399c08982c9378bee141da9","name":"\u0639\u064a\u0627\u062f\u0629 \u0645\u0645\u0627\u0631\u0633\u0629 \u062c\u0648\u062a\u0647 10","image":{"@type":"ImageObject","inLanguage":"ar","@id":"https:\/\/secure.gravatar.com\/avatar\/91039de23fa5a7174b1f821d9ec7ef51fc31b69b29351edc872ded7112632e0c?s=96&d=mm&r=g","url":"https:\/\/secure.gravatar.com\/avatar\/91039de23fa5a7174b1f821d9ec7ef51fc31b69b29351edc872ded7112632e0c?s=96&d=mm&r=g","contentUrl":"https:\/\/secure.gravatar.com\/avatar\/91039de23fa5a7174b1f821d9ec7ef51fc31b69b29351edc872ded7112632e0c?s=96&d=mm&r=g","caption":"Praxisklinik Goethe10"}}]}},"_links":{"self":[{"href":"https:\/\/www.praxisklinik-goethe10.de\/ar\/wp-json\/wp\/v2\/posts\/3968","targetHints":{"allow":["GET"]}}],"collection":[{"href":"https:\/\/www.praxisklinik-goethe10.de\/ar\/wp-json\/wp\/v2\/posts"}],"about":[{"href":"https:\/\/www.praxisklinik-goethe10.de\/ar\/wp-json\/wp\/v2\/types\/post"}],"author":[{"embeddable":true,"href":"https:\/\/www.praxisklinik-goethe10.de\/ar\/wp-json\/wp\/v2\/users\/2"}],"replies":[{"embeddable":true,"href":"https:\/\/www.praxisklinik-goethe10.de\/ar\/wp-json\/wp\/v2\/comments?post=3968"}],"version-history":[{"count":6,"href":"https:\/\/www.praxisklinik-goethe10.de\/ar\/wp-json\/wp\/v2\/posts\/3968\/revisions"}],"predecessor-version":[{"id":4310,"href":"https:\/\/www.praxisklinik-goethe10.de\/ar\/wp-json\/wp\/v2\/posts\/3968\/revisions\/4310"}],"wp:featuredmedia":[{"embeddable":true,"href":"https:\/\/www.praxisklinik-goethe10.de\/ar\/wp-json\/wp\/v2\/media\/3970"}],"wp:attachment":[{"href":"https:\/\/www.praxisklinik-goethe10.de\/ar\/wp-json\/wp\/v2\/media?parent=3968"}],"wp:term":[{"taxonomy":"category","embeddable":true,"href":"https:\/\/www.praxisklinik-goethe10.de\/ar\/wp-json\/wp\/v2\/categories?post=3968"},{"taxonomy":"post_tag","embeddable":true,"href":"https:\/\/www.praxisklinik-goethe10.de\/ar\/wp-json\/wp\/v2\/tags?post=3968"}],"curies":[{"name":"\u062f\u0628\u0644\u064a\u0648 \u0628\u064a","href":"https:\/\/api.w.org\/{rel}","templated":true}]}}