{"id":4275,"date":"2025-10-16T15:57:11","date_gmt":"2025-10-16T13:57:11","guid":{"rendered":"https:\/\/www.praxisklinik-goethe10.de\/?p=4275"},"modified":"2025-10-22T15:16:19","modified_gmt":"2025-10-22T13:16:19","slug":"%d8%ad%d9%83%d8%a9-%d9%81%d9%8a-%d8%a7%d9%84%d8%a3%d8%b0%d9%86","status":"publish","type":"post","link":"https:\/\/www.praxisklinik-goethe10.de\/ar\/%d8%ad%d9%83%d8%a9-%d9%81%d9%8a-%d8%a7%d9%84%d8%a3%d8%b0%d9%86\/","title":{"rendered":"\u0627\u0644\u062d\u0643\u0629 \u0641\u064a \u0627\u0644\u0623\u0630\u0646: \u0639\u0631\u0636 \u0644\u0647 \u0627\u0644\u0639\u062f\u064a\u062f \u0645\u0646 \u0627\u0644\u0623\u0633\u0628\u0627\u0628 \u0627\u0644\u0645\u062d\u062a\u0645\u0644\u0629"},"content":{"rendered":"<div      class=\"vc_row wpb_row section vc_row-fluid \" style=' text-align:left;'><div class=\" full_section_inner clearfix\"><div class=\"wpb_column vc_column_container vc_col-sm-12\"><div class=\"vc_column-inner\"><div class=\"wpb_wrapper\">\n\t<div class=\"wpb_text_column wpb_content_element \">\n\t\t<div class=\"wpb_wrapper\">\n\t\t\t<p><strong>Ein feines Jucken, ein kurzes Kitzeln \u2013 und pl\u00f6tzlich richtet sich die Aufmerksamkeit ganz aufs Ohr. Meist vergeht das Gef\u00fchl schnell wieder, doch manchmal bleibt es bestehen oder kehrt immer wieder zur\u00fcck. Die Gr\u00fcnde daf\u00fcr sind so unterschiedlich wie das Empfinden selbst: von trockener Haut \u00fcber allergische Reaktionen bis hin zu Entz\u00fcndungen des Geh\u00f6rgangs. Ein genauer Blick lohnt sich, denn das Ohr ist empfindlicher, als Sie vielleicht denken.<\/strong><\/p>\n\n\t\t<\/div> \n\t<\/div> <div class=\"separator  normal   \" style=\"margin-top: 40pxpx;margin-bottom: 0pxpx;background-color: #b0563c;\"><\/div>\n\n\t<div class=\"wpb_text_column wpb_content_element \">\n\t\t<div class=\"wpb_wrapper\">\n\t\t\t<h3>An welchen Stellen im Ohr kann Juckreiz auftreten?<\/h3>\n<p>Ein Gef\u00fchl, das zum Kratzen verleitet, kann an verschiedenen Bereichen des Ohrs entstehen.<\/p>\n<p>Am h\u00e4ufigsten betrifft es den \u00e4u\u00dferen Teil, also die Ohrmuschel und den \u00e4u\u00dferen Geh\u00f6rgang. Die Ohrmuschel besteht aus elastischem Knorpel, der von einer d\u00fcnnen Haut \u00fcberzogen ist. Diese Haut setzt sich am Eingang des Geh\u00f6rgangs fort und bleibt dort besonders empfindlich.<\/p>\n<p>Der \u00e4u\u00dfere Geh\u00f6rgang verl\u00e4uft leicht gebogen nach innen und endet am Trommelfell, das den Abschluss zum Mittelohr bildet. Seine Haut tr\u00e4gt feine H\u00e4rchen und spezielle Dr\u00fcsen, die Ohrenschmalz bilden. Ver\u00e4ndert sich dessen Zusammensetzung oder Menge, kann das leicht zu Jucken oder Reizungen f\u00fchren.<\/p>\n<p>Tiefer im Ohr \u2013 also am Trommelfell oder im Mittelohr \u2013 gibt es kaum Nervenfasern, die Juckreiz ausl\u00f6sen k\u00f6nnten. Empfindungen aus diesen Bereichen werden deshalb meist als diffuses Kribbeln oder tiefsitzendes Jucken wahrgenommen, obwohl sie ihren Ursprung im \u00e4u\u00dferen Ohr haben.<\/p>\n\n\t\t<\/div> \n\t<\/div> \t<div class=\"vc_empty_space\"  style=\"height: 30px\" ><span\r\n\t\t\tclass=\"vc_empty_space_inner\">\r\n\t\t\t<span class=\"empty_space_image\"  ><\/span>\r\n\t\t<\/span><\/div>\r\n\n\n\t<div class=\"wpb_text_column wpb_content_element \">\n\t\t<div class=\"wpb_wrapper\">\n\t\t\t<h3>Welche Ursachen gibt es f\u00fcr Juckreiz im Ohr?<\/h3>\n<p>Ein Kribbeln im Ohr entsteht, wenn die empfindliche Haut im Geh\u00f6rgang oder an der Ohrmuschel gereizt wird. Das kann sich als Stechen, tiefsitzendes Kitzeln oder unangenehmes Spannungsgef\u00fchl \u00e4u\u00dfern. Manche empfinden es, als ob \u201eetwas im Ohr steckt\u201c, das man nicht erreichen kann. Die Ausl\u00f6ser daf\u00fcr sind vielf\u00e4ltig:<\/p>\n\n\t\t<\/div> \n\t<\/div> \t<div class=\"vc_empty_space\"  style=\"height: 30px\" ><span\r\n\t\t\tclass=\"vc_empty_space_inner\">\r\n\t\t\t<span class=\"empty_space_image\"  ><\/span>\r\n\t\t<\/span><\/div>\r\n\n<div class=\"qode-accordion-holder clearfix qode-toggle qode-initial \">\r\n\t<h4 class=\"clearfix qode-title-holder\">\r\n<span class=\"qode-tab-title\">\r\n\t    <span class=\"qode-tab-title-inner\">\r\n        Trockene Haut    <\/span>\r\n<\/span>\r\n<span class=\"qode-accordion-mark\">\r\n    <span class=\"qode-accordion-mark-icon\">\r\n        <span class=\"icon_plus\"><\/span>\r\n        <span class=\"icon_minus-06\"><\/span>\r\n    <\/span>\r\n<\/span>\r\n<\/h4>\r\n<div  class=\"qode-accordion-content \" >\r\n    <div class=\"qode-accordion-content-inner\">\r\n        \n\t<div class=\"wpb_text_column wpb_content_element \">\n\t\t<div class=\"wpb_wrapper\">\n\t\t\t<p>Die Haut im \u00e4u\u00dferen Ohr und am Eingang des Geh\u00f6rgangs ist empfindlich und auf ein ausgewogenes Zusammenspiel von Feuchtigkeit und Ohrenschmalz angewiesen. Wird dieses nat\u00fcrliche Gleichgewicht gest\u00f6rt, trocknet die Haut aus, spannt und beginnt zu jucken. Besonders nach h\u00e4ufigem Duschen, Baden oder Schwimmen kann zu viel Cerumen ausgesp\u00fclt werden, sodass der sch\u00fctzende Film fehlt.<\/p>\n<p>Trockene Raumluft, h\u00e4ufiges Tragen von In-Ear-Kopfh\u00f6rern oder H\u00f6rger\u00e4ten und intensive Ohrreinigung belasten die Haut zus\u00e4tzlich. Typisch sind ein feines Spannungsgef\u00fchl, winzige Hautsch\u00fcppchen oder ein Kribbeln im Geh\u00f6rgang.<\/p>\n\n\t\t<\/div> \n\t<\/div>     <\/div>\r\n<\/div><h4 class=\"clearfix qode-title-holder\">\r\n<span class=\"qode-tab-title\">\r\n\t    <span class=\"qode-tab-title-inner\">\r\n        Ohrenschmalzablagerungen    <\/span>\r\n<\/span>\r\n<span class=\"qode-accordion-mark\">\r\n    <span class=\"qode-accordion-mark-icon\">\r\n        <span class=\"icon_plus\"><\/span>\r\n        <span class=\"icon_minus-06\"><\/span>\r\n    <\/span>\r\n<\/span>\r\n<\/h4>\r\n<div  class=\"qode-accordion-content \" >\r\n    <div class=\"qode-accordion-content-inner\">\r\n        \n\t<div class=\"wpb_text_column wpb_content_element \">\n\t\t<div class=\"wpb_wrapper\">\n\t\t\t<p>Das sog. <a href=\"https:\/\/flexikon.doccheck.com\/de\/Cerumen\" target=\"_blank\" rel=\"noopener\">Cerumen<\/a> erf\u00fcllt im Ohr eine wichtige Schutzfunktion. Es h\u00e4lt die Haut im Geh\u00f6rgang geschmeidig, f\u00e4ngt Staub und Schmutzpartikel ab und wirkt leicht antibakteriell. Normalerweise transportiert sich das Cerumen durch nat\u00fcrliche Kaubewegungen langsam nach au\u00dfen, wo es eintrocknet und abf\u00e4llt.<\/p>\n<p>Wenn dieser Selbstreinigungsmechanismus gest\u00f6rt ist, kann sich Ohrenschmalz ansammeln und verh\u00e4rten. Das passiert z. B. bei verengten Geh\u00f6rg\u00e4ngen, stark behaarter Ohrhaut oder durch h\u00e4ufige Verwendung von Ohrst\u00f6pseln, Kopfh\u00f6rern oder H\u00f6rger\u00e4ten. Auch Wattest\u00e4bchen schieben Cerumen oft tiefer in den Geh\u00f6rgang, statt es zu entfernen.<\/p>\n<p>Betroffene sp\u00fcren dann h\u00e4ufig ein dumpfes Jucken, ein Fremdk\u00f6rpergef\u00fchl oder einen leichten Druck im Ohr. In manchen F\u00e4llen kommt es zus\u00e4tzlich zu einem vor\u00fcbergehenden H\u00f6rverlust oder einem Knistern beim Kauen.<\/p>\n\n\t\t<\/div> \n\t<\/div>     <\/div>\r\n<\/div><h4 class=\"clearfix qode-title-holder\">\r\n<span class=\"qode-tab-title\">\r\n\t    <span class=\"qode-tab-title-inner\">\r\n        Allergische Reaktionen    <\/span>\r\n<\/span>\r\n<span class=\"qode-accordion-mark\">\r\n    <span class=\"qode-accordion-mark-icon\">\r\n        <span class=\"icon_plus\"><\/span>\r\n        <span class=\"icon_minus-06\"><\/span>\r\n    <\/span>\r\n<\/span>\r\n<\/h4>\r\n<div  class=\"qode-accordion-content \" >\r\n    <div class=\"qode-accordion-content-inner\">\r\n        \n\t<div class=\"wpb_text_column wpb_content_element \">\n\t\t<div class=\"wpb_wrapper\">\n\t\t\t<p>Die Haut im Ohr reagiert empfindlich auf bestimmte Stoffe, die mit ihr in Kontakt kommen. H\u00e4ufig sind Metalle in Ohrringen oder Inhaltsstoffe in Kosmetika, Shampoos und Hautpflegeprodukten die Ausl\u00f6ser f\u00fcr Juckreiz. Gelangen solche Substanzen an die empfindliche Haut der Ohrmuschel oder in den Geh\u00f6rgang, kann das Immunsystem mit einer <a href=\"\/allergie-behandlung-frankfurt\/\">Kontaktallergie<\/a>\u00a0reagieren \u2013 die Haut r\u00f6tet sich, schwillt leicht an und beginnt intensiv zu jucken.<\/p>\n<p>Typisch ist, dass der Juckreiz pl\u00f6tzlich auftritt, oft begleitet von einem warmen oder brennenden Gef\u00fchl. Mitunter bildet sich ein leichter Ausschlag oder die Haut wirkt wund und gereizt. Bleibt der Kontakt zum Ausl\u00f6ser bestehen, k\u00f6nnen sich die Beschwerden verschlimmern.<\/p>\n\n\t\t<\/div> \n\t<\/div>     <\/div>\r\n<\/div><h4 class=\"clearfix qode-title-holder\">\r\n<span class=\"qode-tab-title\">\r\n\t    <span class=\"qode-tab-title-inner\">\r\n        Entz\u00fcndungen des \u00e4u\u00dferen Geh\u00f6rgangs    <\/span>\r\n<\/span>\r\n<span class=\"qode-accordion-mark\">\r\n    <span class=\"qode-accordion-mark-icon\">\r\n        <span class=\"icon_plus\"><\/span>\r\n        <span class=\"icon_minus-06\"><\/span>\r\n    <\/span>\r\n<\/span>\r\n<\/h4>\r\n<div  class=\"qode-accordion-content \" >\r\n    <div class=\"qode-accordion-content-inner\">\r\n        \n\t<div class=\"wpb_text_column wpb_content_element \">\n\t\t<div class=\"wpb_wrapper\">\n\t\t\t<p>Die sog. Otitis externa z\u00e4hlt zu den h\u00e4ufigsten Ursachen f\u00fcr anhaltenden Juckreiz im Ohr. Dabei entz\u00fcndet sich die empfindliche Haut, die den Geh\u00f6rgang auskleidet \u2013 meist durch Bakterien oder seltener durch Pilze. Auch winzige Verletzungen, die beim Reinigen oder Kratzen entstehen, k\u00f6nnen den Weg f\u00fcr Keime ebnen.<\/p>\n<p>Typisch sind ein intensiver Juckreiz, der sich schnell zu einem Brennen oder Schmerz entwickeln kann, sowie ein W\u00e4rmegef\u00fchl im Ohr. Manche Betroffene bemerken zudem, dass der Geh\u00f6rgang geschwollen ist oder klar bis eitrig n\u00e4sst. In ausgepr\u00e4gten F\u00e4llen kann das H\u00f6ren beeintr\u00e4chtigt sein, weil der Geh\u00f6rgang durch die Schwellung verengt ist.<\/p>\n<p>H\u00e4ufig tritt eine Otitis externa nach dem Schwimmen oder Baden auf, wenn Feuchtigkeit im Ohr zur\u00fcckbleibt und das Milieu f\u00fcr Keime g\u00fcnstig wird. Daher wird sie umgangssprachlich auch als \u201eSwimmer\u2019s Ear\u201c bezeichnet.<\/p>\n\n\t\t<\/div> \n\t<\/div>     <\/div>\r\n<\/div><h4 class=\"clearfix qode-title-holder\">\r\n<span class=\"qode-tab-title\">\r\n\t    <span class=\"qode-tab-title-inner\">\r\n        Hauterkrankungen    <\/span>\r\n<\/span>\r\n<span class=\"qode-accordion-mark\">\r\n    <span class=\"qode-accordion-mark-icon\">\r\n        <span class=\"icon_plus\"><\/span>\r\n        <span class=\"icon_minus-06\"><\/span>\r\n    <\/span>\r\n<\/span>\r\n<\/h4>\r\n<div  class=\"qode-accordion-content \" >\r\n    <div class=\"qode-accordion-content-inner\">\r\n        \n\t<div class=\"wpb_text_column wpb_content_element \">\n\t\t<div class=\"wpb_wrapper\">\n\t\t\t<p>Ekzeme, Neurodermitis oder auch Schuppenflechte ver\u00e4ndern die Struktur der Haut: Sie wird trockener, schuppiger und verliert ihre Schutzfunktion. Dadurch reagiert sie schon auf kleine Reize mit Juckreiz oder R\u00f6tung.<\/p>\n<p>Typisch ist ein anhaltendes oder wiederkehrendes Jucken, das sich h\u00e4ufig mit feinen Schuppen oder rissiger Haut zeigt. Betroffene beschreiben oft, dass der Geh\u00f6rgang spannt oder sich wund anf\u00fchlt. Bei Psoriasis k\u00f6nnen zus\u00e4tzlich kleine, silbrig gl\u00e4nzende Hautschuppen sichtbar sein, w\u00e4hrend bei Neurodermitis eher ger\u00f6tete, juckende Areale \u00fcberwiegen.<\/p>\n<p>Das Kratzen oder Reinigen verschlimmert die Beschwerden meist, weil die ohnehin empfindliche Haut weiter verletzt wird.<\/p>\n\n\t\t<\/div> \n\t<\/div>     <\/div>\r\n<\/div><h4 class=\"clearfix qode-title-holder\">\r\n<span class=\"qode-tab-title\">\r\n\t    <span class=\"qode-tab-title-inner\">\r\n        Pilzinfektionen    <\/span>\r\n<\/span>\r\n<span class=\"qode-accordion-mark\">\r\n    <span class=\"qode-accordion-mark-icon\">\r\n        <span class=\"icon_plus\"><\/span>\r\n        <span class=\"icon_minus-06\"><\/span>\r\n    <\/span>\r\n<\/span>\r\n<\/h4>\r\n<div  class=\"qode-accordion-content \" >\r\n    <div class=\"qode-accordion-content-inner\">\r\n        \n\t<div class=\"wpb_text_column wpb_content_element \">\n\t\t<div class=\"wpb_wrapper\">\n\t\t\t<p>Auch Pilze k\u00f6nnen den \u00e4u\u00dferen Geh\u00f6rgang befallen und dort starken Juckreiz ausl\u00f6sen. Diese Form der Entz\u00fcndung nennt man Otomycosis. H\u00e4ufig sind Hefepilze oder Schimmelpilze beteiligt, die sich besonders bei einem warmen und feuchten Klima im Ohr wohlf\u00fchlen. Das ist z. B. der Fall, wenn nach dem Schwimmen oder Duschen Wasser im Ohr zur\u00fcckbleibt oder Sie sich in tropischen Regionen aufhalten.<\/p>\n<p>Typisch f\u00fcr eine Pilzinfektion ist ein intensives, tiefsitzendes Jucken, das sich von Tag zu Tag verst\u00e4rken kann. Manche Betroffene sp\u00fcren ein Druckgef\u00fchl oder leichtes Brennen, andere bemerken einen ver\u00e4nderten Geruch oder br\u00f6ckelige, verf\u00e4rbte Ablagerungen im Ohr.<\/p>\n<p>Oft ist das H\u00f6ren beeintr\u00e4chtigt, weil der Geh\u00f6rgang durch das Pilzmaterial teilweise verstopft ist.<\/p>\n\n\t\t<\/div> \n\t<\/div>     <\/div>\r\n<\/div><h4 class=\"clearfix qode-title-holder\">\r\n<span class=\"qode-tab-title\">\r\n\t    <span class=\"qode-tab-title-inner\">\r\n        Reflektorische Reize    <\/span>\r\n<\/span>\r\n<span class=\"qode-accordion-mark\">\r\n    <span class=\"qode-accordion-mark-icon\">\r\n        <span class=\"icon_plus\"><\/span>\r\n        <span class=\"icon_minus-06\"><\/span>\r\n    <\/span>\r\n<\/span>\r\n<\/h4>\r\n<div  class=\"qode-accordion-content \" >\r\n    <div class=\"qode-accordion-content-inner\">\r\n        \n\t<div class=\"wpb_text_column wpb_content_element \">\n\t\t<div class=\"wpb_wrapper\">\n\t\t\t<p>Nicht jedes Jucken im Ohr entsteht direkt an der Haut. In manchen F\u00e4llen reagiert der Geh\u00f6rgang reflektorisch auf Reize, die von benachbarten Nerven oder Organen ausgehen. Der sog. Nervus vagus, der auch Teile des Ohrs versorgt, steht beispielsweise in Verbindung mit dem Rachen, Kehlkopf und sogar inneren Organen. Wird er an einer anderen Stelle gereizt, kann das als Jucken oder Kribbeln im Ohr wahrgenommen werden.<\/p>\n<p>Solche Empfindungen treten z. B. auf, wenn die Schleimh\u00e4ute im Nasen-Rachen-Raum entz\u00fcndet sind, bei Druckver\u00e4nderungen im Ohr (etwa durch Erk\u00e4ltungen oder Flugreisen) oder auch durch verspannte Kiefer- und Nackenmuskeln. Das Jucken f\u00fchlt sich dann oft tieferliegend an \u2013 als k\u00e4me es von innen. Die Haut im Ohr bleibt dabei jedoch v\u00f6llig unauff\u00e4llig.<\/p>\n\n\t\t<\/div> \n\t<\/div>     <\/div>\r\n<\/div><\/div>\t<div class=\"vc_empty_space\"  style=\"height: 30px\" ><span\r\n\t\t\tclass=\"vc_empty_space_inner\">\r\n\t\t\t<span class=\"empty_space_image\"  ><\/span>\r\n\t\t<\/span><\/div>\r\n\n\n\t<div class=\"wpb_text_column wpb_content_element \">\n\t\t<div class=\"wpb_wrapper\">\n\t\t\t<h3>Juckreiz im Ohr in der Nacht<\/h3>\n<p>Wenn der Juckreiz vor allem nachts auftritt, empfinden Betroffene das besonders st\u00f6rend. Nachts kommt das Ohr st\u00e4rker zur Ruhe \u2013 Umgebungsger\u00e4usche fehlen, und Reize werden intensiver wahrgenommen. Dadurch f\u00e4llt auch ein leichtes Kribbeln oder Kitzeln im Ohr deutlicher auf.<\/p>\n<p>In vielen F\u00e4llen steckt trockene Haut oder eine leichte Reizung des Geh\u00f6rgangs dahinter. Auch Allergien, etwa gegen Bettw\u00e4schematerialien, Pflegeprodukte oder Hausstaubmilben, k\u00f6nnen das Jucken verst\u00e4rken.<\/p>\n\n\t\t<\/div> \n\t<\/div> \t<div class=\"vc_empty_space\"  style=\"height: 30px\" ><span\r\n\t\t\tclass=\"vc_empty_space_inner\">\r\n\t\t\t<span class=\"empty_space_image\"  ><\/span>\r\n\t\t<\/span><\/div>\r\n\n\n\t<div class=\"wpb_text_column wpb_content_element \">\n\t\t<div class=\"wpb_wrapper\">\n\t\t\t<h3>Ohr juckt: Wann ist ein Besuch beim HNO-Arzt ratsam?<\/h3>\n<p>Gelegentliches Jucken im Ohr ist meist harmlos und verschwindet nach kurzer Zeit von selbst. Wenn die Beschwerden jedoch st\u00e4rker werden oder mit weiteren Symptomen verbunden sind, sollten Sie einen Termin in unserer <a href=\"\/\">HNO-Praxisklinik in Frankfurt<\/a> vereinbaren, damit wir der Ursache auf den Grund gehen k\u00f6nnen. Typische Warnzeichen, bei denen ein Arztbesuch empfehlenswert ist, sind:<\/p>\n<ul>\n<li>ein dauerhafter oder h\u00e4ufig wiederkehrender Juckreiz, der l\u00e4nger als einige Tage anh\u00e4lt<\/li>\n<li>Schmerzen, Brennen oder Druckgef\u00fchl im Ohr<\/li>\n<li>N\u00e4ssen, R\u00f6tung oder Schwellung des Geh\u00f6rgangs oder der Ohrmuschel<\/li>\n<li>Fl\u00fcssigkeits- oder Eiteraustritt aus dem Ohr<\/li>\n<li><a href=\"\/hoerverlust-ursachen\/\">H\u00f6rminderung<\/a>, Knistern oder dumpfes Gef\u00fchl im Ohr<\/li>\n<li>Geruchsentwicklung aus dem Geh\u00f6rgang<\/li>\n<li>Juckreiz nach einer Verletzung oder nach dem Kontakt mit Wasser beim Schwimmen<\/li>\n<\/ul>\n<p>Auch Personen mit Hauterkrankungen, Allergien oder Diabetes sollten bei anhaltendem Jucken fr\u00fchzeitig \u00e4rztlichen Rat suchen, da ihre Haut oft empfindlicher reagiert und Infektionen leichter entstehen.<\/p>\n\n\t\t<\/div> \n\t<\/div> \t<div class=\"vc_empty_space\"  style=\"height: 30px\" ><span\r\n\t\t\tclass=\"vc_empty_space_inner\">\r\n\t\t\t<span class=\"empty_space_image\"  ><\/span>\r\n\t\t<\/span><\/div>\r\n\n\n\t<div class=\"wpb_text_column wpb_content_element \">\n\t\t<div class=\"wpb_wrapper\">\n\t\t\t<h3>Juckendes Ohr: Wie verl\u00e4uft die Untersuchung beim HNO-Arzt?<\/h3>\n<p>Um die Ursache f\u00fcr Ihren Juckreiz im Ohr zu finden, gehen wir in unserer HNO-Praxisklinik in Frankfurt Schritt f\u00fcr Schritt vor:<\/p>\n\n\t\t<\/div> \n\t<\/div> \t<div class=\"vc_empty_space\"  style=\"height: 30px\" ><span\r\n\t\t\tclass=\"vc_empty_space_inner\">\r\n\t\t\t<span class=\"empty_space_image\"  ><\/span>\r\n\t\t<\/span><\/div>\r\n\n<div class=\"qode-accordion-holder clearfix qode-toggle qode-initial \">\r\n\t<h4 class=\"clearfix qode-title-holder\">\r\n<span class=\"qode-tab-title\">\r\n\t    <span class=\"qode-tab-title-inner\">\r\n        Anamnese (Gespr\u00e4ch \u00fcber die Beschwerden)    <\/span>\r\n<\/span>\r\n<span class=\"qode-accordion-mark\">\r\n    <span class=\"qode-accordion-mark-icon\">\r\n        <span class=\"icon_plus\"><\/span>\r\n        <span class=\"icon_minus-06\"><\/span>\r\n    <\/span>\r\n<\/span>\r\n<\/h4>\r\n<div  class=\"qode-accordion-content \" >\r\n    <div class=\"qode-accordion-content-inner\">\r\n        \n\t<div class=\"wpb_text_column wpb_content_element \">\n\t\t<div class=\"wpb_wrapper\">\n\t\t\t<p>Zu Beginn fragen wir nach wichtigen Details:<\/p>\n<ul>\n<li>Seit wann besteht der Juckreiz?<\/li>\n<li>Tritt er ein- oder beidseitig auf?<\/li>\n<li>Gibt es Begleitsymptome wie <a href=\"\/haeufige-ohrenerkrankungen\/\">Schmerzen<\/a>, Druck, N\u00e4ssen oder H\u00f6rminderung?<\/li>\n<li>Verwenden Sie regelm\u00e4\u00dfig Kopfh\u00f6rer, Ohrst\u00f6psel oder H\u00f6rger\u00e4te?<\/li>\n<li>Bestehen Allergien, Hauterkrankungen oder h\u00e4ufige Ohrentz\u00fcndungen?<\/li>\n<\/ul>\n\n\t\t<\/div> \n\t<\/div>     <\/div>\r\n<\/div><h4 class=\"clearfix qode-title-holder\">\r\n<span class=\"qode-tab-title\">\r\n\t    <span class=\"qode-tab-title-inner\">\r\n        Ohruntersuchung (Otoskopie)    <\/span>\r\n<\/span>\r\n<span class=\"qode-accordion-mark\">\r\n    <span class=\"qode-accordion-mark-icon\">\r\n        <span class=\"icon_plus\"><\/span>\r\n        <span class=\"icon_minus-06\"><\/span>\r\n    <\/span>\r\n<\/span>\r\n<\/h4>\r\n<div  class=\"qode-accordion-content \" >\r\n    <div class=\"qode-accordion-content-inner\">\r\n        \n\t<div class=\"wpb_text_column wpb_content_element \">\n\t\t<div class=\"wpb_wrapper\">\n\t\t\t<p>Mit einem Otoskop\/Ohrmikroskop betrachten wir als N\u00e4chstes den \u00e4u\u00dferen Geh\u00f6rgang und das Trommelfell. Dabei erkennen wir:<\/p>\n<ul>\n<li>ob Ohrenschmalzablagerungen vorliegen,<\/li>\n<li>ob die Haut gereizt, ger\u00f6tet oder geschwollen ist,<\/li>\n<li>ob sich Sekret oder Ablagerungen im Geh\u00f6rgang befinden.<\/li>\n<\/ul>\n\n\t\t<\/div> \n\t<\/div>     <\/div>\r\n<\/div><h4 class=\"clearfix qode-title-holder\">\r\n<span class=\"qode-tab-title\">\r\n\t    <span class=\"qode-tab-title-inner\">\r\n        Abstrich oder Laboruntersuchung    <\/span>\r\n<\/span>\r\n<span class=\"qode-accordion-mark\">\r\n    <span class=\"qode-accordion-mark-icon\">\r\n        <span class=\"icon_plus\"><\/span>\r\n        <span class=\"icon_minus-06\"><\/span>\r\n    <\/span>\r\n<\/span>\r\n<\/h4>\r\n<div  class=\"qode-accordion-content \" >\r\n    <div class=\"qode-accordion-content-inner\">\r\n        \n\t<div class=\"wpb_text_column wpb_content_element \">\n\t\t<div class=\"wpb_wrapper\">\n\t\t\t<p>Besteht der Verdacht auf eine Infektion, nehmen wir einen Abstrich. Diesen lassen wir im Labor untersuchen, um m\u00f6gliche Bakterien oder Pilze zu identifizieren.<\/p>\n\n\t\t<\/div> \n\t<\/div>     <\/div>\r\n<\/div><h4 class=\"clearfix qode-title-holder\">\r\n<span class=\"qode-tab-title\">\r\n\t    <span class=\"qode-tab-title-inner\">\r\n        Allergietest oder Hautbeurteilung    <\/span>\r\n<\/span>\r\n<span class=\"qode-accordion-mark\">\r\n    <span class=\"qode-accordion-mark-icon\">\r\n        <span class=\"icon_plus\"><\/span>\r\n        <span class=\"icon_minus-06\"><\/span>\r\n    <\/span>\r\n<\/span>\r\n<\/h4>\r\n<div  class=\"qode-accordion-content \" >\r\n    <div class=\"qode-accordion-content-inner\">\r\n        \n\t<div class=\"wpb_text_column wpb_content_element \">\n\t\t<div class=\"wpb_wrapper\">\n\t\t\t<p>Um abzukl\u00e4ren, ob es sich um eine allergische Reaktion oder eine chronische Hauterkrankung kann, kann ein <a href=\"\/allergietest-beim-hno\/\">Allergietest<\/a> oder eine haut\u00e4rztliche Mitbeurteilung sinnvoll sein.<\/p>\n\n\t\t<\/div> \n\t<\/div>     <\/div>\r\n<\/div><\/div>\t<div class=\"vc_empty_space\"  style=\"height: 30px\" ><span\r\n\t\t\tclass=\"vc_empty_space_inner\">\r\n\t\t\t<span class=\"empty_space_image\"  ><\/span>\r\n\t\t<\/span><\/div>\r\n\n\n\t<div class=\"wpb_text_column wpb_content_element \">\n\t\t<div class=\"wpb_wrapper\">\n\t\t\t<p>Durch diese systematische Untersuchung l\u00e4sst sich die Ursache des Juckreizes in der Regel schnell eingrenzen und gezielt therapieren.<\/p>\n\n\t\t<\/div> \n\t<\/div> \t<div class=\"vc_empty_space\"  style=\"height: 30px\" ><span\r\n\t\t\tclass=\"vc_empty_space_inner\">\r\n\t\t\t<span class=\"empty_space_image\"  ><\/span>\r\n\t\t<\/span><\/div>\r\n\n\n\t<div class=\"wpb_text_column wpb_content_element \">\n\t\t<div class=\"wpb_wrapper\">\n\t\t\t<h3>Wie l\u00e4sst sich Juckreiz im Ohr behandeln?<\/h3>\n<p>Die Behandlung richtet sich immer nach der Ursache des Juckreizes. In unserer HNO-Praxisklinik in Frankfurt nehmen wir uns Zeit, um diese genau zu bestimmen und die Therapie gezielt darauf abzustimmen.<\/p>\n<ul>\n<li>Bei trockener Haut empfehlen wir r\u00fcckfettende \u00d6le oder pflegende Ohrentropfen, die die Haut beruhigen und ihre nat\u00fcrliche Schutzfunktion wiederherstellen.<\/li>\n<li>Liegt eine Entz\u00fcndung vor, behandeln wir diese \u2013 je nach Befund \u2013 mit entz\u00fcndungshemmenden, antibiotischen oder pilzhemmenden Tropfen, um Keime effektiv zu beseitigen.<\/li>\n<li>Ohrenschmalzablagerungen entfernen wir schonend unter Sicht, sodass der Geh\u00f6rgang wieder frei ist und die Haut abheilen kann.<\/li>\n<li>Allergische Reaktionen bessern sich in der Regel, wenn der ausl\u00f6sende Stoff gemieden wird. Zus\u00e4tzlich k\u00f6nnen antiallergische Medikamente oder Salben helfen, die Reizung zu lindern.<\/li>\n<li>Begleitende Hauterkrankungen behandeln wir in enger Abstimmung mit Haut\u00e4rztinnen und Haut\u00e4rzten, um die Therapie optimal aufeinander abzustimmen.<\/li>\n<\/ul>\n<p>Dar\u00fcber hinaus beraten wir Sie, wie Sie Ihre Ohren im Alltag am besten pflegen \u2013 etwa durch ma\u00dfvolles Reinigen, Vermeiden von Wattest\u00e4bchen und den Schutz vor \u00fcberm\u00e4\u00dfiger Feuchtigkeit. So lassen sich Reizungen vorbeugen und das nat\u00fcrliche Gleichgewicht im Ohr langfristig erhalten.<\/p>\n\n\t\t<\/div> \n\t<\/div> \t<div class=\"vc_empty_space\"  style=\"height: 30px\" ><span\r\n\t\t\tclass=\"vc_empty_space_inner\">\r\n\t\t\t<span class=\"empty_space_image\"  ><\/span>\r\n\t\t<\/span><\/div>\r\n\n\r\n\t<div class=\"wpb_single_image wpb_content_element vc_align_left\">\r\n\t\t<div class=\"wpb_wrapper\">\r\n\t\t\t\r\n\t\t\t<a class=\"qode-prettyphoto qode-single-image-pretty-photo\" data-rel=\"prettyPhoto[rel-4275-1138317769]\" href=\"https:\/\/www.praxisklinik-goethe10.de\/wp-content\/uploads\/2025\/10\/0148_Blog_Juckreiz-im-Ohr_02-1024x768.jpg\" target=\"_self\"><div class=\"vc_single_image-wrapper   vc_box_border_grey\"><img loading=\"lazy\" decoding=\"async\" width=\"1200\" height=\"900\" src=\"https:\/\/www.praxisklinik-goethe10.de\/wp-content\/uploads\/2025\/10\/0148_Blog_Juckreiz-im-Ohr_02.jpg\" class=\"vc_single_image-img attachment-full\" alt=\"Juckreiz im Ohr\" srcset=\"https:\/\/www.praxisklinik-goethe10.de\/wp-content\/uploads\/2025\/10\/0148_Blog_Juckreiz-im-Ohr_02.jpg 1200w, https:\/\/www.praxisklinik-goethe10.de\/wp-content\/uploads\/2025\/10\/0148_Blog_Juckreiz-im-Ohr_02-300x225.jpg 300w, https:\/\/www.praxisklinik-goethe10.de\/wp-content\/uploads\/2025\/10\/0148_Blog_Juckreiz-im-Ohr_02-1024x768.jpg 1024w, https:\/\/www.praxisklinik-goethe10.de\/wp-content\/uploads\/2025\/10\/0148_Blog_Juckreiz-im-Ohr_02-768x576.jpg 768w, https:\/\/www.praxisklinik-goethe10.de\/wp-content\/uploads\/2025\/10\/0148_Blog_Juckreiz-im-Ohr_02-16x12.jpg 16w, https:\/\/www.praxisklinik-goethe10.de\/wp-content\/uploads\/2025\/10\/0148_Blog_Juckreiz-im-Ohr_02-800x600.jpg 800w, https:\/\/www.praxisklinik-goethe10.de\/wp-content\/uploads\/2025\/10\/0148_Blog_Juckreiz-im-Ohr_02-700x525.jpg 700w\" sizes=\"auto, (max-width: 1200px) 100vw, 1200px\" \/><\/div><\/a>\r\n\t\t<\/div>\r\n\t<\/div>\r\n\t<div class=\"vc_empty_space\"  style=\"height: 30px\" ><span\r\n\t\t\tclass=\"vc_empty_space_inner\">\r\n\t\t\t<span class=\"empty_space_image\"  ><\/span>\r\n\t\t<\/span><\/div>\r\n\n\n\t<div class=\"wpb_text_column wpb_content_element \">\n\t\t<div class=\"wpb_wrapper\">\n\t\t\t<h3>Juckreiz im Ohr behandeln in Frankfurt<\/h3>\n<p>Juckende Ohren sind in manchen F\u00e4llen kein harmloses \u00c4rgernis, sondern ein Signal Ihres K\u00f6rpers. Mit der richtigen Diagnose und Therapie lassen sich Beschwerden oft schnell lindern. Wir sind gerne f\u00fcr Sie da!<\/p>\n\n\t\t<\/div> \n\t<\/div> \t<div class=\"vc_empty_space\"  style=\"height: 30px\" ><span\r\n\t\t\tclass=\"vc_empty_space_inner\">\r\n\t\t\t<span class=\"empty_space_image\"  ><\/span>\r\n\t\t<\/span><\/div>\r\n\n<\/div><\/div><\/div><\/div><\/div><div      class=\"vc_row wpb_row section vc_row-fluid  vc_custom_1716470538280\" style='background-image:url(https:\/\/www.praxisklinik-goethe10.de\/wp-content\/uploads\/2024\/05\/dr-fischer-frankfurt-hno-call-to-blog.jpg); text-align:center;'><div class=\" full_section_inner clearfix\"><div class=\"wpb_column vc_column_container vc_col-sm-12\"><div class=\"vc_column-inner\"><div class=\"wpb_wrapper\">\t<div class=\"vc_empty_space\"  style=\"height: 60px\" ><span\r\n\t\t\tclass=\"vc_empty_space_inner\">\r\n\t\t\t<span class=\"empty_space_image\"  ><\/span>\r\n\t\t<\/span><\/div>\r\n\n\n\t<div class=\"wpb_text_column wpb_content_element \">\n\t\t<div class=\"wpb_wrapper\">\n\t\t\t<h3 style=\"text-align: center;\"><span style=\"color: #ffffff;\">Haben Sie Fragen zu diesem Thema oder m\u00f6chten einen Beratungstermin vereinbaren?<\/span><\/h3>\n\n\t\t<\/div> \n\t<\/div> \t<div class=\"vc_empty_space\"  style=\"height: 20px\" ><span\r\n\t\t\tclass=\"vc_empty_space_inner\">\r\n\t\t\t<span class=\"empty_space_image\"  ><\/span>\r\n\t\t<\/span><\/div>\r\n\n<a  itemprop=\"url\" href=\"https:\/\/www.doctolib.de\/praxis\/frankfurt-am-main\/praxisklinik-goethe10\" target=\"_blank\"  class=\"qbutton  medium center default\" style=\"\">Jetzt Termin buchen!<i class=\"qode_icon_font_awesome fa fa-angle-double-right qode_button_icon_element\" style=\"\" ><\/i><\/a>\t<div class=\"vc_empty_space\"  style=\"height: 60px\" ><span\r\n\t\t\tclass=\"vc_empty_space_inner\">\r\n\t\t\t<span class=\"empty_space_image\"  ><\/span>\r\n\t\t<\/span><\/div>\r\n\n<\/div><\/div><\/div><\/div><\/div><div      class=\"vc_row wpb_row section vc_row-fluid \" style=' text-align:left;'><div class=\" full_section_inner clearfix\"><div class=\"wpb_column vc_column_container vc_col-sm-12\"><div class=\"vc_column-inner\"><div class=\"wpb_wrapper\">\t<div class=\"vc_empty_space\"  style=\"height: 30px\" ><span\r\n\t\t\tclass=\"vc_empty_space_inner\">\r\n\t\t\t<span class=\"empty_space_image\"  ><\/span>\r\n\t\t<\/span><\/div>\r\n\n\n\t<div class=\"wpb_text_column wpb_content_element \">\n\t\t<div class=\"wpb_wrapper\">\n\t\t\t<h4>HNO Frankfurt: Dr. med. Thomas Fischer &amp; Dr. med. Albrecht Linke<\/h4>\n<p>Ihre Fach\u00e4rzte f\u00fcr Hals-Nasen-Ohrenheilkunde, die Sie in s\u00e4mtlichen Fragen der HNO-Heilkunde, der funktionell-plastischen Chirurgie sowie der \u00e4sthetischen Behandlung von Ver\u00e4nderungen der Gesichtshaut professionell und individuell beraten, untersuchen und behandeln.<\/p>\n<p><small>Unsere News-Beitr\u00e4ge werden nach bestem Wissen und Gewissen f\u00fcr Sie erstellt und dienen der allgemeinen Weiterbildung. Sie ersetzen auf keinen Fall eine \u00e4rztliche Beratung, Diagnose und Behandlung und sollen weder zur Selbstdiagnose noch zur Selbstbehandlung auffordern. Bitte wenden Sie sich bei gesundheitlichen Beschwerden immer direkt an Ihre HNO Fach\u00e4rzte in Frankfurt!<\/small><\/p>\n\n\t\t<\/div> \n\t<\/div> <div class=\"separator  normal   qode-type1-gradient-left-to-right \" style=\"margin-top: 30px;margin-bottom: 30px;\"><\/div>\n\n\t<div class=\"wpb_text_column wpb_content_element \">\n\t\t<div class=\"wpb_wrapper\">\n\t\t\t<p><small>\u00a9 &#8220;Woman investigating the contents of his ear with her finger &#8221; by sebra, stock.adobe.com<br \/>\n\u00a9 &#8220;Set of cartoon sensory organs. Smell of nose, eye sight, ears, touch of skin, taste of tongue. Human organs and face parts. Educational anatomy visual aid poster template.&#8221; by Yuliia, stock.adobe.com<\/small><\/p>\n\n\t\t<\/div> \n\t<\/div> <\/div><\/div><\/div><\/div><\/div>\n","protected":false},"excerpt":{"rendered":"<p>\u062d\u0643\u0629 \u062e\u0641\u064a\u0641\u0629\u060c \u0623\u0648 \u062f\u063a\u062f\u063a\u0629 \u0642\u0635\u064a\u0631\u0629 - \u0648\u0641\u062c\u0623\u0629 \u064a\u0646\u0635\u0628 \u0627\u0646\u062a\u0628\u0627\u0647\u0643 \u0628\u0627\u0644\u0643\u0627\u0645\u0644 \u0639\u0644\u0649 \u0623\u0630\u0646\u0643. \u0639\u0627\u062f\u0629 \u0645\u0627 \u064a\u0632\u0648\u0644 \u0647\u0630\u0627 \u0627\u0644\u0634\u0639\u0648\u0631 \u0628\u0633\u0631\u0639\u0629\u060c \u0648\u0644\u0643\u0646 \u0641\u064a \u0628\u0639\u0636 \u0627\u0644\u0623\u062d\u064a\u0627\u0646 \u064a\u0633\u062a\u0645\u0631 \u0623\u0648 \u064a\u0639\u0648\u062f \u0645\u0631\u0627\u0631\u0627\u064b \u0648\u062a\u0643\u0631\u0627\u0631\u0627\u064b. \u0647\u0646\u0627\u0643 \u0623\u0633\u0628\u0627\u0628 \u0645\u062e\u062a\u0644\u0641\u0629 \u0644\u0630\u0644\u0643.<\/p>","protected":false},"author":2,"featured_media":4276,"comment_status":"closed","ping_status":"closed","sticky":false,"template":"","format":"standard","meta":{"footnotes":""},"categories":[134,113,1],"tags":[],"class_list":["post-4275","post","type-post","status-publish","format-standard","has-post-thumbnail","hentry","category-allergie","category-hno","category-hno-praxis"],"yoast_head":"<!-- This site is optimized with the Yoast SEO plugin v27.3 - https:\/\/yoast.com\/product\/yoast-seo-wordpress\/ -->\n<title>Juckreiz im Ohr | Infos von Ihrem HNO Arzt in Frankfurt<\/title>\n<meta name=\"description\" content=\"Juckreiz im Ohr \u2713 Erfahren Sie, welche Ursachen dahinterstecken, wann ein Arztbesuch sinn-voll ist und was wirklich gegen das Jucken hilft.\" \/>\n<meta name=\"robots\" content=\"index, follow, max-snippet:-1, max-image-preview:large, max-video-preview:-1\" \/>\n<link rel=\"canonical\" href=\"https:\/\/www.praxisklinik-goethe10.de\/ar\/\u062d\u0643\u0629-\u0641\u064a-\u0627\u0644\u0623\u0630\u0646\/\" \/>\n<meta property=\"og:locale\" content=\"ar_AR\" \/>\n<meta property=\"og:type\" content=\"article\" \/>\n<meta property=\"og:title\" content=\"Juckreiz im Ohr | Infos von Ihrem HNO Arzt in Frankfurt\" \/>\n<meta property=\"og:description\" content=\"Juckreiz im Ohr \u2713 Erfahren Sie, welche Ursachen dahinterstecken, wann ein Arztbesuch sinn-voll ist und was wirklich gegen das Jucken hilft.\" \/>\n<meta property=\"og:url\" content=\"https:\/\/www.praxisklinik-goethe10.de\/ar\/\u062d\u0643\u0629-\u0641\u064a-\u0627\u0644\u0623\u0630\u0646\/\" \/>\n<meta property=\"og:site_name\" content=\"HNO Frankfurt | Dr. Thomas Fischer\" \/>\n<meta property=\"article:published_time\" content=\"2025-10-16T13:57:11+00:00\" \/>\n<meta property=\"article:modified_time\" content=\"2025-10-22T13:16:19+00:00\" \/>\n<meta property=\"og:image\" content=\"https:\/\/www.praxisklinik-goethe10.de\/wp-content\/uploads\/2025\/10\/0148_Blog_Juckreiz-im-Ohr_01.jpg\" \/>\n\t<meta property=\"og:image:width\" content=\"1000\" \/>\n\t<meta property=\"og:image:height\" content=\"500\" \/>\n\t<meta property=\"og:image:type\" content=\"image\/jpeg\" \/>\n<meta name=\"author\" content=\"Praxisklinik Goethe10\" \/>\n<meta name=\"twitter:card\" content=\"summary_large_image\" \/>\n<meta name=\"twitter:label1\" content=\"\u0643\u064f\u062a\u0628 \u0628\u0648\u0627\u0633\u0637\u0629\" \/>\n\t<meta name=\"twitter:data1\" content=\"Praxisklinik Goethe10\" \/>\n\t<meta name=\"twitter:label2\" content=\"\u0648\u0642\u062a \u0627\u0644\u0642\u0631\u0627\u0621\u0629 \u0627\u0644\u0645\u064f\u0642\u062f\u0651\u0631\" \/>\n\t<meta name=\"twitter:data2\" content=\"11 \u062f\u0642\u064a\u0642\u0629\" \/>\n<script type=\"application\/ld+json\" class=\"yoast-schema-graph\">{\"@context\":\"https:\\\/\\\/schema.org\",\"@graph\":[{\"@type\":\"Article\",\"@id\":\"https:\\\/\\\/www.praxisklinik-goethe10.de\\\/juckreiz-im-ohr\\\/#article\",\"isPartOf\":{\"@id\":\"https:\\\/\\\/www.praxisklinik-goethe10.de\\\/juckreiz-im-ohr\\\/\"},\"author\":{\"name\":\"Praxisklinik Goethe10\",\"@id\":\"https:\\\/\\\/www.praxisklinik-goethe10.de\\\/#\\\/schema\\\/person\\\/ee2d627b5399c08982c9378bee141da9\"},\"headline\":\"Juckreiz im Ohr: Ein Symptom mit vielen m\u00f6glichen Ursachen\",\"datePublished\":\"2025-10-16T13:57:11+00:00\",\"dateModified\":\"2025-10-22T13:16:19+00:00\",\"mainEntityOfPage\":{\"@id\":\"https:\\\/\\\/www.praxisklinik-goethe10.de\\\/juckreiz-im-ohr\\\/\"},\"wordCount\":2489,\"publisher\":{\"@id\":\"https:\\\/\\\/www.praxisklinik-goethe10.de\\\/#organization\"},\"image\":{\"@id\":\"https:\\\/\\\/www.praxisklinik-goethe10.de\\\/juckreiz-im-ohr\\\/#primaryimage\"},\"thumbnailUrl\":\"https:\\\/\\\/www.praxisklinik-goethe10.de\\\/wp-content\\\/uploads\\\/2025\\\/10\\\/0148_Blog_Juckreiz-im-Ohr_01.jpg\",\"articleSection\":[\"Allergie\",\"HNO\",\"HNO-Praxis\"],\"inLanguage\":\"ar\"},{\"@type\":\"WebPage\",\"@id\":\"https:\\\/\\\/www.praxisklinik-goethe10.de\\\/juckreiz-im-ohr\\\/\",\"url\":\"https:\\\/\\\/www.praxisklinik-goethe10.de\\\/juckreiz-im-ohr\\\/\",\"name\":\"Juckreiz im Ohr | Infos von Ihrem HNO Arzt in Frankfurt\",\"isPartOf\":{\"@id\":\"https:\\\/\\\/www.praxisklinik-goethe10.de\\\/#website\"},\"primaryImageOfPage\":{\"@id\":\"https:\\\/\\\/www.praxisklinik-goethe10.de\\\/juckreiz-im-ohr\\\/#primaryimage\"},\"image\":{\"@id\":\"https:\\\/\\\/www.praxisklinik-goethe10.de\\\/juckreiz-im-ohr\\\/#primaryimage\"},\"thumbnailUrl\":\"https:\\\/\\\/www.praxisklinik-goethe10.de\\\/wp-content\\\/uploads\\\/2025\\\/10\\\/0148_Blog_Juckreiz-im-Ohr_01.jpg\",\"datePublished\":\"2025-10-16T13:57:11+00:00\",\"dateModified\":\"2025-10-22T13:16:19+00:00\",\"description\":\"Juckreiz im Ohr \u2713 Erfahren Sie, welche Ursachen dahinterstecken, wann ein Arztbesuch sinn-voll ist und was wirklich gegen das Jucken hilft.\",\"breadcrumb\":{\"@id\":\"https:\\\/\\\/www.praxisklinik-goethe10.de\\\/juckreiz-im-ohr\\\/#breadcrumb\"},\"inLanguage\":\"ar\",\"potentialAction\":[{\"@type\":\"ReadAction\",\"target\":[\"https:\\\/\\\/www.praxisklinik-goethe10.de\\\/juckreiz-im-ohr\\\/\"]}]},{\"@type\":\"ImageObject\",\"inLanguage\":\"ar\",\"@id\":\"https:\\\/\\\/www.praxisklinik-goethe10.de\\\/juckreiz-im-ohr\\\/#primaryimage\",\"url\":\"https:\\\/\\\/www.praxisklinik-goethe10.de\\\/wp-content\\\/uploads\\\/2025\\\/10\\\/0148_Blog_Juckreiz-im-Ohr_01.jpg\",\"contentUrl\":\"https:\\\/\\\/www.praxisklinik-goethe10.de\\\/wp-content\\\/uploads\\\/2025\\\/10\\\/0148_Blog_Juckreiz-im-Ohr_01.jpg\",\"width\":1000,\"height\":500,\"caption\":\"Juckreiz im Ohr\"},{\"@type\":\"BreadcrumbList\",\"@id\":\"https:\\\/\\\/www.praxisklinik-goethe10.de\\\/juckreiz-im-ohr\\\/#breadcrumb\",\"itemListElement\":[{\"@type\":\"ListItem\",\"position\":1,\"name\":\"Startseite\",\"item\":\"https:\\\/\\\/www.praxisklinik-goethe10.de\\\/\"},{\"@type\":\"ListItem\",\"position\":2,\"name\":\"Juckreiz im Ohr: Ein Symptom mit vielen m\u00f6glichen Ursachen\"}]},{\"@type\":\"WebSite\",\"@id\":\"https:\\\/\\\/www.praxisklinik-goethe10.de\\\/#website\",\"url\":\"https:\\\/\\\/www.praxisklinik-goethe10.de\\\/\",\"name\":\"HNO Frankfurt | Dr. Thomas Fischer\",\"description\":\"HNO Arzt Frankfurt\",\"publisher\":{\"@id\":\"https:\\\/\\\/www.praxisklinik-goethe10.de\\\/#organization\"},\"potentialAction\":[{\"@type\":\"SearchAction\",\"target\":{\"@type\":\"EntryPoint\",\"urlTemplate\":\"https:\\\/\\\/www.praxisklinik-goethe10.de\\\/?s={search_term_string}\"},\"query-input\":{\"@type\":\"PropertyValueSpecification\",\"valueRequired\":true,\"valueName\":\"search_term_string\"}}],\"inLanguage\":\"ar\"},{\"@type\":\"Organization\",\"@id\":\"https:\\\/\\\/www.praxisklinik-goethe10.de\\\/#organization\",\"name\":\"Praxisklinik Goethe 10\",\"url\":\"https:\\\/\\\/www.praxisklinik-goethe10.de\\\/\",\"logo\":{\"@type\":\"ImageObject\",\"inLanguage\":\"ar\",\"@id\":\"https:\\\/\\\/www.praxisklinik-goethe10.de\\\/#\\\/schema\\\/logo\\\/image\\\/\",\"url\":\"https:\\\/\\\/www.praxisklinik-goethe10.de\\\/wp-content\\\/uploads\\\/2018\\\/03\\\/dr-fischer-hno-frankfurt-slider.png\",\"contentUrl\":\"https:\\\/\\\/www.praxisklinik-goethe10.de\\\/wp-content\\\/uploads\\\/2018\\\/03\\\/dr-fischer-hno-frankfurt-slider.png\",\"width\":400,\"height\":200,\"caption\":\"Praxisklinik Goethe 10\"},\"image\":{\"@id\":\"https:\\\/\\\/www.praxisklinik-goethe10.de\\\/#\\\/schema\\\/logo\\\/image\\\/\"}},{\"@type\":\"Person\",\"@id\":\"https:\\\/\\\/www.praxisklinik-goethe10.de\\\/#\\\/schema\\\/person\\\/ee2d627b5399c08982c9378bee141da9\",\"name\":\"Praxisklinik Goethe10\",\"image\":{\"@type\":\"ImageObject\",\"inLanguage\":\"ar\",\"@id\":\"https:\\\/\\\/secure.gravatar.com\\\/avatar\\\/91039de23fa5a7174b1f821d9ec7ef51fc31b69b29351edc872ded7112632e0c?s=96&d=mm&r=g\",\"url\":\"https:\\\/\\\/secure.gravatar.com\\\/avatar\\\/91039de23fa5a7174b1f821d9ec7ef51fc31b69b29351edc872ded7112632e0c?s=96&d=mm&r=g\",\"contentUrl\":\"https:\\\/\\\/secure.gravatar.com\\\/avatar\\\/91039de23fa5a7174b1f821d9ec7ef51fc31b69b29351edc872ded7112632e0c?s=96&d=mm&r=g\",\"caption\":\"Praxisklinik Goethe10\"}}]}<\/script>\n<!-- \/ Yoast SEO plugin. -->","yoast_head_json":{"title":"\u062d\u0643\u0629 \u0641\u064a \u0627\u0644\u0623\u0630\u0646 |\u0645\u0639\u0644\u0648\u0645\u0627\u062a \u0645\u0646 \u0637\u0628\u064a\u0628 \u0627\u0644\u0623\u0646\u0641 \u0648\u0627\u0644\u0623\u0630\u0646 \u0648\u0627\u0644\u062d\u0646\u062c\u0631\u0629 \u0641\u064a \u0641\u0631\u0627\u0646\u0643\u0641\u0648\u0631\u062a","description":"\u0627\u0644\u062d\u0643\u0629 \u0641\u064a \u0627\u0644\u0623\u0630\u0646 \u2713 \u062a\u0639\u0631\u0641 \u0639\u0644\u0649 \u0623\u0633\u0628\u0627\u0628\u0647\u0627\u060c \u0648\u0645\u062a\u0649 \u064a\u0643\u0648\u0646 \u0645\u0646 \u0627\u0644\u0645\u0646\u0637\u0642\u064a \u0632\u064a\u0627\u0631\u0629 \u0627\u0644\u0637\u0628\u064a\u0628 \u0648\u0645\u0627 \u0627\u0644\u0630\u064a \u064a\u0633\u0627\u0639\u062f \u062d\u0642\u064b\u0627 \u0641\u064a \u0645\u0643\u0627\u0641\u062d\u0629 \u0627\u0644\u062d\u0643\u0629.","robots":{"index":"index","follow":"follow","max-snippet":"max-snippet:-1","max-image-preview":"max-image-preview:large","max-video-preview":"max-video-preview:-1"},"canonical":"https:\/\/www.praxisklinik-goethe10.de\/ar\/\u062d\u0643\u0629-\u0641\u064a-\u0627\u0644\u0623\u0630\u0646\/","og_locale":"ar_AR","og_type":"article","og_title":"Juckreiz im Ohr | Infos von Ihrem HNO Arzt in Frankfurt","og_description":"Juckreiz im Ohr \u2713 Erfahren Sie, welche Ursachen dahinterstecken, wann ein Arztbesuch sinn-voll ist und was wirklich gegen das Jucken hilft.","og_url":"https:\/\/www.praxisklinik-goethe10.de\/ar\/\u062d\u0643\u0629-\u0641\u064a-\u0627\u0644\u0623\u0630\u0646\/","og_site_name":"HNO Frankfurt | Dr. Thomas Fischer","article_published_time":"2025-10-16T13:57:11+00:00","article_modified_time":"2025-10-22T13:16:19+00:00","og_image":[{"width":1000,"height":500,"url":"https:\/\/www.praxisklinik-goethe10.de\/wp-content\/uploads\/2025\/10\/0148_Blog_Juckreiz-im-Ohr_01.jpg","type":"image\/jpeg"}],"author":"Praxisklinik Goethe10","twitter_card":"summary_large_image","twitter_misc":{"\u0643\u064f\u062a\u0628 \u0628\u0648\u0627\u0633\u0637\u0629":"Praxisklinik Goethe10","\u0648\u0642\u062a \u0627\u0644\u0642\u0631\u0627\u0621\u0629 \u0627\u0644\u0645\u064f\u0642\u062f\u0651\u0631":"11 \u062f\u0642\u064a\u0642\u0629"},"schema":{"@context":"https:\/\/schema.org","@graph":[{"@type":"Article","@id":"https:\/\/www.praxisklinik-goethe10.de\/juckreiz-im-ohr\/#article","isPartOf":{"@id":"https:\/\/www.praxisklinik-goethe10.de\/juckreiz-im-ohr\/"},"author":{"name":"Praxisklinik Goethe10","@id":"https:\/\/www.praxisklinik-goethe10.de\/#\/schema\/person\/ee2d627b5399c08982c9378bee141da9"},"headline":"Juckreiz im Ohr: Ein Symptom mit vielen m\u00f6glichen Ursachen","datePublished":"2025-10-16T13:57:11+00:00","dateModified":"2025-10-22T13:16:19+00:00","mainEntityOfPage":{"@id":"https:\/\/www.praxisklinik-goethe10.de\/juckreiz-im-ohr\/"},"wordCount":2489,"publisher":{"@id":"https:\/\/www.praxisklinik-goethe10.de\/#organization"},"image":{"@id":"https:\/\/www.praxisklinik-goethe10.de\/juckreiz-im-ohr\/#primaryimage"},"thumbnailUrl":"https:\/\/www.praxisklinik-goethe10.de\/wp-content\/uploads\/2025\/10\/0148_Blog_Juckreiz-im-Ohr_01.jpg","articleSection":["Allergie","HNO","HNO-Praxis"],"inLanguage":"ar"},{"@type":"WebPage","@id":"https:\/\/www.praxisklinik-goethe10.de\/juckreiz-im-ohr\/","url":"https:\/\/www.praxisklinik-goethe10.de\/juckreiz-im-ohr\/","name":"\u062d\u0643\u0629 \u0641\u064a \u0627\u0644\u0623\u0630\u0646 |\u0645\u0639\u0644\u0648\u0645\u0627\u062a \u0645\u0646 \u0637\u0628\u064a\u0628 \u0627\u0644\u0623\u0646\u0641 \u0648\u0627\u0644\u0623\u0630\u0646 \u0648\u0627\u0644\u062d\u0646\u062c\u0631\u0629 \u0641\u064a \u0641\u0631\u0627\u0646\u0643\u0641\u0648\u0631\u062a","isPartOf":{"@id":"https:\/\/www.praxisklinik-goethe10.de\/#website"},"primaryImageOfPage":{"@id":"https:\/\/www.praxisklinik-goethe10.de\/juckreiz-im-ohr\/#primaryimage"},"image":{"@id":"https:\/\/www.praxisklinik-goethe10.de\/juckreiz-im-ohr\/#primaryimage"},"thumbnailUrl":"https:\/\/www.praxisklinik-goethe10.de\/wp-content\/uploads\/2025\/10\/0148_Blog_Juckreiz-im-Ohr_01.jpg","datePublished":"2025-10-16T13:57:11+00:00","dateModified":"2025-10-22T13:16:19+00:00","description":"\u0627\u0644\u062d\u0643\u0629 \u0641\u064a \u0627\u0644\u0623\u0630\u0646 \u2713 \u062a\u0639\u0631\u0641 \u0639\u0644\u0649 \u0623\u0633\u0628\u0627\u0628\u0647\u0627\u060c \u0648\u0645\u062a\u0649 \u064a\u0643\u0648\u0646 \u0645\u0646 \u0627\u0644\u0645\u0646\u0637\u0642\u064a \u0632\u064a\u0627\u0631\u0629 \u0627\u0644\u0637\u0628\u064a\u0628 \u0648\u0645\u0627 \u0627\u0644\u0630\u064a \u064a\u0633\u0627\u0639\u062f \u062d\u0642\u064b\u0627 \u0641\u064a \u0645\u0643\u0627\u0641\u062d\u0629 \u0627\u0644\u062d\u0643\u0629.","breadcrumb":{"@id":"https:\/\/www.praxisklinik-goethe10.de\/juckreiz-im-ohr\/#breadcrumb"},"inLanguage":"ar","potentialAction":[{"@type":"ReadAction","target":["https:\/\/www.praxisklinik-goethe10.de\/juckreiz-im-ohr\/"]}]},{"@type":"ImageObject","inLanguage":"ar","@id":"https:\/\/www.praxisklinik-goethe10.de\/juckreiz-im-ohr\/#primaryimage","url":"https:\/\/www.praxisklinik-goethe10.de\/wp-content\/uploads\/2025\/10\/0148_Blog_Juckreiz-im-Ohr_01.jpg","contentUrl":"https:\/\/www.praxisklinik-goethe10.de\/wp-content\/uploads\/2025\/10\/0148_Blog_Juckreiz-im-Ohr_01.jpg","width":1000,"height":500,"caption":"Juckreiz im Ohr"},{"@type":"BreadcrumbList","@id":"https:\/\/www.praxisklinik-goethe10.de\/juckreiz-im-ohr\/#breadcrumb","itemListElement":[{"@type":"ListItem","position":1,"name":"Startseite","item":"https:\/\/www.praxisklinik-goethe10.de\/"},{"@type":"ListItem","position":2,"name":"Juckreiz im Ohr: Ein Symptom mit vielen m\u00f6glichen Ursachen"}]},{"@type":"WebSite","@id":"https:\/\/www.praxisklinik-goethe10.de\/#website","url":"https:\/\/www.praxisklinik-goethe10.de\/","name":"\u0627\u0644\u0623\u0646\u0641 \u0648\u0627\u0644\u0623\u0630\u0646 \u0648\u0627\u0644\u062d\u0646\u062c\u0631\u0629 \u0641\u064a \u0641\u0631\u0627\u0646\u0643\u0641\u0648\u0631\u062a | \u062f. \u062a\u0648\u0645\u0627\u0633 \u0641\u064a\u0634\u0631","description":"\u0637\u0628\u064a\u0628 \u0627\u0644\u0623\u0646\u0641 \u0648\u0627\u0644\u0623\u0630\u0646 \u0648\u0627\u0644\u062d\u0646\u062c\u0631\u0629 \u0641\u0631\u0627\u0646\u0643\u0641\u0648\u0631\u062a","publisher":{"@id":"https:\/\/www.praxisklinik-goethe10.de\/#organization"},"potentialAction":[{"@type":"SearchAction","target":{"@type":"EntryPoint","urlTemplate":"https:\/\/www.praxisklinik-goethe10.de\/?s={search_term_string}"},"query-input":{"@type":"PropertyValueSpecification","valueRequired":true,"valueName":"search_term_string"}}],"inLanguage":"ar"},{"@type":"Organization","@id":"https:\/\/www.praxisklinik-goethe10.de\/#organization","name":"\u0639\u064a\u0627\u062f\u0629 \u062c\u0648\u062a\u0647 10","url":"https:\/\/www.praxisklinik-goethe10.de\/","logo":{"@type":"ImageObject","inLanguage":"ar","@id":"https:\/\/www.praxisklinik-goethe10.de\/#\/schema\/logo\/image\/","url":"https:\/\/www.praxisklinik-goethe10.de\/wp-content\/uploads\/2018\/03\/dr-fischer-hno-frankfurt-slider.png","contentUrl":"https:\/\/www.praxisklinik-goethe10.de\/wp-content\/uploads\/2018\/03\/dr-fischer-hno-frankfurt-slider.png","width":400,"height":200,"caption":"Praxisklinik Goethe 10"},"image":{"@id":"https:\/\/www.praxisklinik-goethe10.de\/#\/schema\/logo\/image\/"}},{"@type":"Person","@id":"https:\/\/www.praxisklinik-goethe10.de\/#\/schema\/person\/ee2d627b5399c08982c9378bee141da9","name":"\u0639\u064a\u0627\u062f\u0629 \u0645\u0645\u0627\u0631\u0633\u0629 \u062c\u0648\u062a\u0647 10","image":{"@type":"ImageObject","inLanguage":"ar","@id":"https:\/\/secure.gravatar.com\/avatar\/91039de23fa5a7174b1f821d9ec7ef51fc31b69b29351edc872ded7112632e0c?s=96&d=mm&r=g","url":"https:\/\/secure.gravatar.com\/avatar\/91039de23fa5a7174b1f821d9ec7ef51fc31b69b29351edc872ded7112632e0c?s=96&d=mm&r=g","contentUrl":"https:\/\/secure.gravatar.com\/avatar\/91039de23fa5a7174b1f821d9ec7ef51fc31b69b29351edc872ded7112632e0c?s=96&d=mm&r=g","caption":"Praxisklinik Goethe10"}}]}},"_links":{"self":[{"href":"https:\/\/www.praxisklinik-goethe10.de\/ar\/wp-json\/wp\/v2\/posts\/4275","targetHints":{"allow":["GET"]}}],"collection":[{"href":"https:\/\/www.praxisklinik-goethe10.de\/ar\/wp-json\/wp\/v2\/posts"}],"about":[{"href":"https:\/\/www.praxisklinik-goethe10.de\/ar\/wp-json\/wp\/v2\/types\/post"}],"author":[{"embeddable":true,"href":"https:\/\/www.praxisklinik-goethe10.de\/ar\/wp-json\/wp\/v2\/users\/2"}],"replies":[{"embeddable":true,"href":"https:\/\/www.praxisklinik-goethe10.de\/ar\/wp-json\/wp\/v2\/comments?post=4275"}],"version-history":[{"count":5,"href":"https:\/\/www.praxisklinik-goethe10.de\/ar\/wp-json\/wp\/v2\/posts\/4275\/revisions"}],"predecessor-version":[{"id":4287,"href":"https:\/\/www.praxisklinik-goethe10.de\/ar\/wp-json\/wp\/v2\/posts\/4275\/revisions\/4287"}],"wp:featuredmedia":[{"embeddable":true,"href":"https:\/\/www.praxisklinik-goethe10.de\/ar\/wp-json\/wp\/v2\/media\/4276"}],"wp:attachment":[{"href":"https:\/\/www.praxisklinik-goethe10.de\/ar\/wp-json\/wp\/v2\/media?parent=4275"}],"wp:term":[{"taxonomy":"category","embeddable":true,"href":"https:\/\/www.praxisklinik-goethe10.de\/ar\/wp-json\/wp\/v2\/categories?post=4275"},{"taxonomy":"post_tag","embeddable":true,"href":"https:\/\/www.praxisklinik-goethe10.de\/ar\/wp-json\/wp\/v2\/tags?post=4275"}],"curies":[{"name":"\u062f\u0628\u0644\u064a\u0648 \u0628\u064a","href":"https:\/\/api.w.org\/{rel}","templated":true}]}}