{"id":4235,"date":"2025-07-10T15:30:29","date_gmt":"2025-07-10T13:30:29","guid":{"rendered":"https:\/\/www.praxisklinik-goethe10.de\/?p=4235"},"modified":"2025-08-26T15:20:58","modified_gmt":"2025-08-26T13:20:58","slug":"treating-vertigo","status":"publish","type":"post","link":"https:\/\/www.praxisklinik-goethe10.de\/en\/treating-vertigo\/","title":{"rendered":"Treating vertigo: Tips for alleviating the symptoms"},"content":{"rendered":"<div      class=\"vc_row wpb_row section vc_row-fluid\" style=' text-align:left;'><div class=\"full_section_inner clearfix\"><div class=\"wpb_column vc_column_container vc_col-sm-12\"><div class=\"vc_column-inner\"><div class=\"wpb_wrapper\">\n\t<div class=\"wpb_text_column wpb_content_element\">\n\t\t<div class=\"wpb_wrapper\">\n\t\t\t<p><strong>A sudden feeling as if the ground is swaying under your feet or everything is spinning can be unsettling. Vertigo is one of the most common types of dizziness and can have a major impact on everyday life and quality of life. Many sufferers report feeling unsteady when walking, difficulty climbing stairs or the feeling of losing the ground beneath their feet. This makes it all the more important to recognise the causes and treat them in a targeted manner. Modern treatment options can help to stabilise balance and regain confidence in your own body.<\/strong><\/p>\n\n\t\t<\/div> \n\t<\/div> <div class=\"separator  normal\" style=\"margin-top: 40pxpx;margin-bottom: 0pxpx;background-color: #b0563c;\"><\/div>\n\n\t<div class=\"wpb_text_column wpb_content_element\">\n\t\t<div class=\"wpb_wrapper\">\n\t\t\t<h3>What is vertigo?<\/h3>\n<p>This is a form of vertigo in which those affected have the feeling that they are swaying, rocking or standing on a boat - even though there is no actual movement. The surroundings do not rotate (as with <a href=\"\/en\/treating-torsional-vertigo\/\">Rotational vertigo<\/a>), but rather gives the impression of insecurity and instability when standing or walking.<\/p>\n\n\t\t<\/div> \n\t<\/div> \t<div class=\"vc_empty_space\"  style=\"height: 30px\" ><span\r\n\t\t\tclass=\"vc_empty_space_inner\">\r\n\t\t\t<span class=\"empty_space_image\"  ><\/span>\r\n\t\t<\/span><\/div>\r\n\n\n\t<div class=\"wpb_text_column wpb_content_element\">\n\t\t<div class=\"wpb_wrapper\">\n\t\t\t<h3>Symptoms of vertigo<\/h3>\n<p>The intensity and frequency of these symptoms can vary greatly from person to person. Anyone who experiences such symptoms frequently should consult a doctor to determine whether there is an underlying organic or functional cause.<\/p>\n\n\t\t<\/div> \n\t<\/div> \t<div class=\"vc_empty_space\"  style=\"height: 30px\" ><span\r\n\t\t\tclass=\"vc_empty_space_inner\">\r\n\t\t\t<span class=\"empty_space_image\"  ><\/span>\r\n\t\t<\/span><\/div>\r\n\n<div class=\"qode-accordion-holder clearfix qode-toggle qode-initial\">\r\n\t<h4 class=\"clearfix qode-title-holder\">\r\n<span class=\"qode-tab-title\">\r\n\t    <span class=\"qode-tab-title-inner\">\r\n        Feeling of swaying or staggering without the surroundings moving    <\/span>\r\n<\/span>\r\n<span class=\"qode-accordion-mark\">\r\n    <span class=\"qode-accordion-mark-icon\">\r\n        <span class=\"icon_plus\"><\/span>\r\n        <span class=\"icon_minus-06\"><\/span>\r\n    <\/span>\r\n<\/span>\r\n<\/h4>\r\n<div  class=\"qode-accordion-content\" >\r\n    <div class=\"qode-accordion-content-inner\">\r\n        \n\t<div class=\"wpb_text_column wpb_content_element\">\n\t\t<div class=\"wpb_wrapper\">\n\t\t\t<p>Those affected have the impression that their body swings slightly back and forth or sways - similar to being on a boat in waves. The field of vision remains completely stable: nothing rotates, nothing blurs and the surroundings do not visibly change either. Nevertheless, there is a feeling of being off balance or not standing securely on your feet.<\/p>\n<p>This sensation often occurs suddenly or intensifies when walking, in crowds or when looking into larger rooms. Some also describe it as \"bottomlessness\" or the feeling that the floor is giving way under your feet.<\/p>\n\n\t\t<\/div> \n\t<\/div>     <\/div>\r\n<\/div><h4 class=\"clearfix qode-title-holder\">\r\n<span class=\"qode-tab-title\">\r\n\t    <span class=\"qode-tab-title-inner\">\r\n        Unsteadiness when standing or walking    <\/span>\r\n<\/span>\r\n<span class=\"qode-accordion-mark\">\r\n    <span class=\"qode-accordion-mark-icon\">\r\n        <span class=\"icon_plus\"><\/span>\r\n        <span class=\"icon_minus-06\"><\/span>\r\n    <\/span>\r\n<\/span>\r\n<\/h4>\r\n<div  class=\"qode-accordion-content\" >\r\n    <div class=\"qode-accordion-content-inner\">\r\n        \n\t<div class=\"wpb_text_column wpb_content_element\">\n\t\t<div class=\"wpb_wrapper\">\n\t\t\t<p>Many sufferers feel unstable, as if they are not fully \"grounded\" or as if they could lose their balance at any time. When walking, they often have the impression that they cannot control their legs properly or that the ground beneath them is uneven, even though everything is actually normal. This insecurity is often exacerbated in open spaces, on bridges, escalators or in the dark.<\/p>\n<p>When standing, for example in a queue or in the shower, it can feel as if you have to hold on tight to avoid falling over. This constant feeling of instability leads to avoidance behaviour and severe psychological stress for many people.<\/p>\n\n\t\t<\/div> \n\t<\/div>     <\/div>\r\n<\/div><h4 class=\"clearfix qode-title-holder\">\r\n<span class=\"qode-tab-title\">\r\n\t    <span class=\"qode-tab-title-inner\">\r\n        Impaired balance, especially on uneven ground or in the dark    <\/span>\r\n<\/span>\r\n<span class=\"qode-accordion-mark\">\r\n    <span class=\"qode-accordion-mark-icon\">\r\n        <span class=\"icon_plus\"><\/span>\r\n        <span class=\"icon_minus-06\"><\/span>\r\n    <\/span>\r\n<\/span>\r\n<\/h4>\r\n<div  class=\"qode-accordion-content\" >\r\n    <div class=\"qode-accordion-content-inner\">\r\n        \n\t<div class=\"wpb_text_column wpb_content_element\">\n\t\t<div class=\"wpb_wrapper\">\n\t\t\t<p>In situations in which the balance system is under greater strain - for example when walking on cobblestones, on grass or in sand - the symptoms are often particularly noticeable.<\/p>\n<p>Those affected report that they feel as if they are about to tip over or lose their footing at such times. Darkness or poor visibility can also affect balance, as visual stimuli are no longer an important orientation aid. Without this visual stabilisation, it is more difficult for the body to reliably perceive its own position in space, which often further increases the feeling of insecurity.<\/p>\n\n\t\t<\/div> \n\t<\/div>     <\/div>\r\n<\/div><h4 class=\"clearfix qode-title-holder\">\r\n<span class=\"qode-tab-title\">\r\n\t    <span class=\"qode-tab-title-inner\">\r\n        Occasional accompanying nausea or drowsiness    <\/span>\r\n<\/span>\r\n<span class=\"qode-accordion-mark\">\r\n    <span class=\"qode-accordion-mark-icon\">\r\n        <span class=\"icon_plus\"><\/span>\r\n        <span class=\"icon_minus-06\"><\/span>\r\n    <\/span>\r\n<\/span>\r\n<\/h4>\r\n<div  class=\"qode-accordion-content\" >\r\n    <div class=\"qode-accordion-content-inner\">\r\n        \n\t<div class=\"wpb_text_column wpb_content_element\">\n\t\t<div class=\"wpb_wrapper\">\n\t\t\t<p>The unpleasant feeling of dizziness can not only affect your balance, but also your general well-being. Some sufferers experience mild to moderate nausea during periods of dizziness - similar to travel sickness.<\/p>\n<p>This effect can be particularly pronounced when moving or changing position quickly. Drowsiness often accompanies this: a diffuse, wobbly state in which everything slows down or feels \"as if in a fog\".<\/p>\n<p>This sensation is not a circulatory problem in the classic sense, but is related to the disturbed processing of balance stimuli in the brain. The combination of dizziness, nausea and light-headedness can be very unsettling and severely restrict your ability to cope with everyday stress.<\/p>\n\n\t\t<\/div> \n\t<\/div>     <\/div>\r\n<\/div><h4 class=\"clearfix qode-title-holder\">\r\n<span class=\"qode-tab-title\">\r\n\t    <span class=\"qode-tab-title-inner\">\r\n        Increased discomfort in stressful situations or in crowds    <\/span>\r\n<\/span>\r\n<span class=\"qode-accordion-mark\">\r\n    <span class=\"qode-accordion-mark-icon\">\r\n        <span class=\"icon_plus\"><\/span>\r\n        <span class=\"icon_minus-06\"><\/span>\r\n    <\/span>\r\n<\/span>\r\n<\/h4>\r\n<div  class=\"qode-accordion-content\" >\r\n    <div class=\"qode-accordion-content-inner\">\r\n        \n\t<div class=\"wpb_text_column wpb_content_element\">\n\t\t<div class=\"wpb_wrapper\">\n\t\t\t<p>Swaying vertigo can also increase significantly under mental stress. The feeling of instability can increase in stressful moments or busy environments - for example in shopping centres, train stations or at events.<\/p>\n<p>The body reacts to stress with increased muscle tension and heightened alertness, which can also influence the perception of balance disorders.<\/p>\n<p>In crowds, this is aggravated by the fact that visual landmarks are constantly in motion. This overstrains the already sensitive balance system. The result: the feeling of swaying increases, combined with inner restlessness or even panic. This connection between dizziness and mental stress often leads to a cycle of uncertainty and avoidance.<\/p>\n\n\t\t<\/div> \n\t<\/div>     <\/div>\r\n<\/div><h4 class=\"clearfix qode-title-holder\">\r\n<span class=\"qode-tab-title\">\r\n\t    <span class=\"qode-tab-title-inner\">\r\n        Fear of falling or losing control    <\/span>\r\n<\/span>\r\n<span class=\"qode-accordion-mark\">\r\n    <span class=\"qode-accordion-mark-icon\">\r\n        <span class=\"icon_plus\"><\/span>\r\n        <span class=\"icon_minus-06\"><\/span>\r\n    <\/span>\r\n<\/span>\r\n<\/h4>\r\n<div  class=\"qode-accordion-content\" >\r\n    <div class=\"qode-accordion-content-inner\">\r\n        \n\t<div class=\"wpb_text_column wpb_content_element\">\n\t\t<div class=\"wpb_wrapper\">\n\t\t\t<p>The persistent feeling of unsteadiness when standing or walking can quickly lead to a deep-seated fear - namely that of suddenly falling or no longer being able to control oneself properly. This concern not only affects older people, but also younger people who normally move around safely.<\/p>\n<p>It is particularly stressful that there is often no objective reason for a fall, but the feeling of instability is very real. Many people therefore withdraw from everyday life, avoiding public transport or longer journeys, for example.<\/p>\n<p>The fear of losing control can become so strong that it triggers other symptoms - such as palpitations, sweating or breathlessness. This often results in a spiral of reciprocal stress: the anxiety intensifies the dizziness, and the dizziness in turn feeds the anxiety.<\/p>\n\n\t\t<\/div> \n\t<\/div>     <\/div>\r\n<\/div><h4 class=\"clearfix qode-title-holder\">\r\n<span class=\"qode-tab-title\">\r\n\t    <span class=\"qode-tab-title-inner\">\r\n        Muscle tension, especially in the neck and shoulder area    <\/span>\r\n<\/span>\r\n<span class=\"qode-accordion-mark\">\r\n    <span class=\"qode-accordion-mark-icon\">\r\n        <span class=\"icon_plus\"><\/span>\r\n        <span class=\"icon_minus-06\"><\/span>\r\n    <\/span>\r\n<\/span>\r\n<\/h4>\r\n<div  class=\"qode-accordion-content\" >\r\n    <div class=\"qode-accordion-content-inner\">\r\n        \n\t<div class=\"wpb_text_column wpb_content_element\">\n\t\t<div class=\"wpb_wrapper\">\n\t\t\t<p>Many people with vertigo experience persistent tension in the neck, shoulders and upper back. This muscle tension can be both the cause and the consequence of vertigo.<\/p>\n<p>On the one hand, they impair blood circulation and nerve supply in the head and neck area, which can have a direct impact on the balance system. On the other hand, the constant feeling of insecurity often unconsciously leads to a cramped posture - for example by permanently tensing the shoulders or a cautious gait. This posture puts additional strain on the muscles and exacerbates the symptoms.<\/p>\n\n\t\t<\/div> \n\t<\/div>     <\/div>\r\n<\/div><h4 class=\"clearfix qode-title-holder\">\r\n<span class=\"qode-tab-title\">\r\n\t    <span class=\"qode-tab-title-inner\">\r\n        Concentration problems or the feeling of \"being beside yourself\"    <\/span>\r\n<\/span>\r\n<span class=\"qode-accordion-mark\">\r\n    <span class=\"qode-accordion-mark-icon\">\r\n        <span class=\"icon_plus\"><\/span>\r\n        <span class=\"icon_minus-06\"><\/span>\r\n    <\/span>\r\n<\/span>\r\n<\/h4>\r\n<div  class=\"qode-accordion-content\" >\r\n    <div class=\"qode-accordion-content-inner\">\r\n        \n\t<div class=\"wpb_text_column wpb_content_element\">\n\t\t<div class=\"wpb_wrapper\">\n\t\t\t<p>Many sufferers experience a mental void or a kind of \"trance state\" during or after a period of dizziness. Many sufferers describe how they find it difficult to concentrate, find it hard to grasp thoughts and even everyday tasks take a lot of energy.<\/p>\n<p>This sensation is often described as \"like being beside oneself\" or \"not quite being there\". The result is a feeling of alienation from one's own body or surroundings - without loss of consciousness, but with significantly reduced alertness.<\/p>\n<p>Such symptoms can be the result of constant inner tension or overstimulation of the vestibular system. Psychological factors such as anxiety, stress or exhaustion also often contribute to this type of impairment. The experience not only affects performance, but often also self-confidence in everyday life.<\/p>\n\n\t\t<\/div> \n\t<\/div>     <\/div>\r\n<\/div><\/div>\t<div class=\"vc_empty_space\"  style=\"height: 30px\" ><span\r\n\t\t\tclass=\"vc_empty_space_inner\">\r\n\t\t\t<span class=\"empty_space_image\"  ><\/span>\r\n\t\t<\/span><\/div>\r\n\n\n\t<div class=\"wpb_text_column wpb_content_element\">\n\t\t<div class=\"wpb_wrapper\">\n\t\t\t<h3>Causes of vertigo<\/h3>\n<p>The <a href=\"\/en\/what-can-lie-behind-feelings-of-dizziness\/\">Dizziness<\/a> can have various triggers - from physical disorders and psychological stress to dysfunctions in the balance system. The most common causes are<\/p>\n\n\t\t<\/div> \n\t<\/div> \t<div class=\"vc_empty_space\"  style=\"height: 30px\" ><span\r\n\t\t\tclass=\"vc_empty_space_inner\">\r\n\t\t\t<span class=\"empty_space_image\"  ><\/span>\r\n\t\t<\/span><\/div>\r\n\n<div class=\"qode-accordion-holder clearfix qode-toggle qode-initial\">\r\n\t<h4 class=\"clearfix qode-title-holder\">\r\n<span class=\"qode-tab-title\">\r\n\t    <span class=\"qode-tab-title-inner\">\r\n        Disturbances in the vestibular system    <\/span>\r\n<\/span>\r\n<span class=\"qode-accordion-mark\">\r\n    <span class=\"qode-accordion-mark-icon\">\r\n        <span class=\"icon_plus\"><\/span>\r\n        <span class=\"icon_minus-06\"><\/span>\r\n    <\/span>\r\n<\/span>\r\n<\/h4>\r\n<div  class=\"qode-accordion-content\" >\r\n    <div class=\"qode-accordion-content-inner\">\r\n        \n\t<div class=\"wpb_text_column wpb_content_element\">\n\t\t<div class=\"wpb_wrapper\">\n\t\t\t<p>The <a href=\"https:\/\/de.wikipedia.org\/wiki\/Gleichgewichtsorgan\" target=\"_blank\" rel=\"noopener\">Balance system<\/a> is located in the inner ear and consists of three semicircular canals and the vestibule with the utricle and saccule. It registers movements and changes in the position of the body. The sensory impressions are transmitted to the brain via the vestibular nerve. There they are compared with impressions from the eyes and the muscles. Only this interaction enables a stable posture and safe orientation in space.<\/p>\n<p>If there is a disruption within this system, the signals become unbalanced. The brain receives contradictory or incorrect information, which leads to feelings of dizziness.<\/p>\n<p>The most common causes of vertigo in the area of the inner ear include<\/p>\n<h5>Vestibular neuritis<\/h5>\n<p>A sudden, usually unilateral inflammation of the vestibular nerve, which can occur after a viral infection, for example. It leads to severe dizziness, initially often with nausea and vomiting. Later, some sufferers are left with diffuse vertigo.<\/p>\n<h5>Meniere's disease<\/h5>\n<p>This disease of the inner ear causes excess pressure due to fluid accumulation (endolymph hydrops). Typical for <a href=\"\/en\/menieres-disease-therapy\/\">Meniere's disease<\/a> are paroxysmal rotary vertigo, hearing loss and <a href=\"\/en\/hearing-loss-tinnitus-difference\/\">Ringing in the ears<\/a>. Persistent vertigo may persist between attacks.<\/p>\n<h5>Age-related changes<\/h5>\n<p>With age, the function of the vestibular system deteriorates - often accompanied by <a href=\"\/en\/loss-of-horn-causes\/\">Hearing loss<\/a>. These gradual changes often lead to increasing unsteadiness when walking, especially on uneven surfaces or at dusk.<\/p>\n<p>Other diseases of the inner ear - such as a perilymphatic fistula, benign tumours (e.g. vestibular schwannoma) or labyrinthitis - can also disrupt the vestibular system and cause vertigo. A thorough diagnosis in our <a href=\"\/en\/\">ENT clinic in Frankfurt<\/a> is important in order to determine the exact cause and initiate targeted treatment.<\/p>\n\n\t\t<\/div> \n\t<\/div>     <\/div>\r\n<\/div><h4 class=\"clearfix qode-title-holder\">\r\n<span class=\"qode-tab-title\">\r\n\t    <span class=\"qode-tab-title-inner\">\r\n        Cervical spine problems and tension    <\/span>\r\n<\/span>\r\n<span class=\"qode-accordion-mark\">\r\n    <span class=\"qode-accordion-mark-icon\">\r\n        <span class=\"icon_plus\"><\/span>\r\n        <span class=\"icon_minus-06\"><\/span>\r\n    <\/span>\r\n<\/span>\r\n<\/h4>\r\n<div  class=\"qode-accordion-content\" >\r\n    <div class=\"qode-accordion-content-inner\">\r\n        \n\t<div class=\"wpb_text_column wpb_content_element\">\n\t\t<div class=\"wpb_wrapper\">\n\t\t\t<p>Blockages or tension in the cervical spine or neck muscles can disrupt the processing of signals between the body and brain. This form of dizziness occurs particularly when sitting for long periods, in poor posture or after accidents (e.g. whiplash).<\/p>\n\n\t\t<\/div> \n\t<\/div>     <\/div>\r\n<\/div><h4 class=\"clearfix qode-title-holder\">\r\n<span class=\"qode-tab-title\">\r\n\t    <span class=\"qode-tab-title-inner\">\r\n        Circulatory disorders    <\/span>\r\n<\/span>\r\n<span class=\"qode-accordion-mark\">\r\n    <span class=\"qode-accordion-mark-icon\">\r\n        <span class=\"icon_plus\"><\/span>\r\n        <span class=\"icon_minus-06\"><\/span>\r\n    <\/span>\r\n<\/span>\r\n<\/h4>\r\n<div  class=\"qode-accordion-content\" >\r\n    <div class=\"qode-accordion-content-inner\">\r\n        \n\t<div class=\"wpb_text_column wpb_content_element\">\n\t\t<div class=\"wpb_wrapper\">\n\t\t\t<p>Reduced blood flow to certain areas of the brain - e.g. due to low blood pressure, cardiac arrhythmia or vasoconstriction - can affect balance. This can manifest itself in the form of non-specific vertigo.<\/p>\n\n\t\t<\/div> \n\t<\/div>     <\/div>\r\n<\/div><h4 class=\"clearfix qode-title-holder\">\r\n<span class=\"qode-tab-title\">\r\n\t    <span class=\"qode-tab-title-inner\">\r\n        Side effects of medication    <\/span>\r\n<\/span>\r\n<span class=\"qode-accordion-mark\">\r\n    <span class=\"qode-accordion-mark-icon\">\r\n        <span class=\"icon_plus\"><\/span>\r\n        <span class=\"icon_minus-06\"><\/span>\r\n    <\/span>\r\n<\/span>\r\n<\/h4>\r\n<div  class=\"qode-accordion-content\" >\r\n    <div class=\"qode-accordion-content-inner\">\r\n        \n\t<div class=\"wpb_text_column wpb_content_element\">\n\t\t<div class=\"wpb_wrapper\">\n\t\t\t<p>Certain drugs such as tranquillisers, antihypertensives, antidepressants or strong analgesics can cause a feeling of dizziness as a side effect.<\/p>\n\n\t\t<\/div> \n\t<\/div>     <\/div>\r\n<\/div><h4 class=\"clearfix qode-title-holder\">\r\n<span class=\"qode-tab-title\">\r\n\t    <span class=\"qode-tab-title-inner\">\r\n        Psychological causes (functional dizziness)    <\/span>\r\n<\/span>\r\n<span class=\"qode-accordion-mark\">\r\n    <span class=\"qode-accordion-mark-icon\">\r\n        <span class=\"icon_plus\"><\/span>\r\n        <span class=\"icon_minus-06\"><\/span>\r\n    <\/span>\r\n<\/span>\r\n<\/h4>\r\n<div  class=\"qode-accordion-content\" >\r\n    <div class=\"qode-accordion-content-inner\">\r\n        \n\t<div class=\"wpb_text_column wpb_content_element\">\n\t\t<div class=\"wpb_wrapper\">\n\t\t\t<p>Anxiety disorders, depression or chronic stress play a central role in many people with vertigo. In these cases, there is no organic cause - but the feeling of dizziness is nevertheless real and stressful. Diffuse dizziness is typical, which intensifies under stress or in stressful situations.<\/p>\n\n\t\t<\/div> \n\t<\/div>     <\/div>\r\n<\/div><h4 class=\"clearfix qode-title-holder\">\r\n<span class=\"qode-tab-title\">\r\n\t    <span class=\"qode-tab-title-inner\">\r\n        Neurological diseases    <\/span>\r\n<\/span>\r\n<span class=\"qode-accordion-mark\">\r\n    <span class=\"qode-accordion-mark-icon\">\r\n        <span class=\"icon_plus\"><\/span>\r\n        <span class=\"icon_minus-06\"><\/span>\r\n    <\/span>\r\n<\/span>\r\n<\/h4>\r\n<div  class=\"qode-accordion-content\" >\r\n    <div class=\"qode-accordion-content-inner\">\r\n        \n\t<div class=\"wpb_text_column wpb_content_element\">\n\t\t<div class=\"wpb_wrapper\">\n\t\t\t<p>In rare cases, vertigo can be the first sign of diseases such as multiple sclerosis, Parkinson's disease or a cerebellar disorder. A thorough neurological examination is therefore important if the symptoms are unclear or persistent.<\/p>\n\n\t\t<\/div> \n\t<\/div>     <\/div>\r\n<\/div><h4 class=\"clearfix qode-title-holder\">\r\n<span class=\"qode-tab-title\">\r\n\t    <span class=\"qode-tab-title-inner\">\r\n        Age-related balance disorders    <\/span>\r\n<\/span>\r\n<span class=\"qode-accordion-mark\">\r\n    <span class=\"qode-accordion-mark-icon\">\r\n        <span class=\"icon_plus\"><\/span>\r\n        <span class=\"icon_minus-06\"><\/span>\r\n    <\/span>\r\n<\/span>\r\n<\/h4>\r\n<div  class=\"qode-accordion-content\" >\r\n    <div class=\"qode-accordion-content-inner\">\r\n        \n\t<div class=\"wpb_text_column wpb_content_element\">\n\t\t<div class=\"wpb_wrapper\">\n\t\t\t<p>With increasing age, vision, muscle strength and the ability of the balance system to react deteriorate. The interplay of sensory stimuli becomes less precise - the feeling of insecurity when walking or standing becomes more frequent.<\/p>\n\n\t\t<\/div> \n\t<\/div>     <\/div>\r\n<\/div><\/div>\t<div class=\"vc_empty_space\"  style=\"height: 30px\" ><span\r\n\t\t\tclass=\"vc_empty_space_inner\">\r\n\t\t\t<span class=\"empty_space_image\"  ><\/span>\r\n\t\t<\/span><\/div>\r\n\n\r\n\t<div class=\"wpb_single_image wpb_content_element vc_align_left\">\r\n\t\t<div class=\"wpb_wrapper\">\r\n\t\t\t\r\n\t\t\t<div class=\"vc_single_image-wrapper   vc_box_border_grey\"><img loading=\"lazy\" decoding=\"async\" width=\"1200\" height=\"900\" src=\"https:\/\/www.praxisklinik-goethe10.de\/wp-content\/uploads\/2025\/07\/0148_Blog_Schwankschwindel-behandeln_02a.jpg\" class=\"vc_single_image-img attachment-full\" alt=\"Treating vertigo\" srcset=\"https:\/\/www.praxisklinik-goethe10.de\/wp-content\/uploads\/2025\/07\/0148_Blog_Schwankschwindel-behandeln_02a.jpg 1200w, https:\/\/www.praxisklinik-goethe10.de\/wp-content\/uploads\/2025\/07\/0148_Blog_Schwankschwindel-behandeln_02a-300x225.jpg 300w, https:\/\/www.praxisklinik-goethe10.de\/wp-content\/uploads\/2025\/07\/0148_Blog_Schwankschwindel-behandeln_02a-1024x768.jpg 1024w, https:\/\/www.praxisklinik-goethe10.de\/wp-content\/uploads\/2025\/07\/0148_Blog_Schwankschwindel-behandeln_02a-768x576.jpg 768w, https:\/\/www.praxisklinik-goethe10.de\/wp-content\/uploads\/2025\/07\/0148_Blog_Schwankschwindel-behandeln_02a-16x12.jpg 16w, https:\/\/www.praxisklinik-goethe10.de\/wp-content\/uploads\/2025\/07\/0148_Blog_Schwankschwindel-behandeln_02a-800x600.jpg 800w, https:\/\/www.praxisklinik-goethe10.de\/wp-content\/uploads\/2025\/07\/0148_Blog_Schwankschwindel-behandeln_02a-700x525.jpg 700w\" sizes=\"auto, (max-width: 1200px) 100vw, 1200px\" \/><\/div>\r\n\t\t<\/div>\r\n\t<\/div>\r\n\t<div class=\"vc_empty_space\"  style=\"height: 30px\" ><span\r\n\t\t\tclass=\"vc_empty_space_inner\">\r\n\t\t\t<span class=\"empty_space_image\"  ><\/span>\r\n\t\t<\/span><\/div>\r\n\n\n\t<div class=\"wpb_text_column wpb_content_element\">\n\t\t<div class=\"wpb_wrapper\">\n\t\t\t<h3>Treating vertigo: Therapy depends on the trigger - precise diagnosis is necessary<\/h3>\n<p>Before an effective treatment of vertigo can take place, a thorough diagnosis is always the first step. This is because vertigo is not a disease in its own right, but a symptom with many possible causes. Targeted therapy is therefore only possible if the underlying disorder has been clearly recognised. Diagnostics can include the following steps:<\/p>\n<h5>Detailed anamnesis<\/h5>\n<p>The first step is a detailed discussion with you. This will involve, among other things<\/p>\n<ul>\n<li>Type, duration and frequency of dizzy spells<\/li>\n<li>Accompanying symptoms (e.g. nausea, hearing problems, visual disturbances)<\/li>\n<li>Triggering situations (e.g. when standing up, in crowds)<\/li>\n<li>Known pre-existing conditions, medication or psychological stress<\/li>\n<\/ul>\n<h5>Physical and neurological examination<\/h5>\n<p>This involves checking balance, coordination, eye movements, reflexes and posture. This provides indications of central or peripheral causes (e.g. in the inner ear or brain).<\/p>\n<h5>ENT medical examination<\/h5>\n<p>In our ENT clinic in Frankfurt we offer you comprehensive examinations for the <a href=\"\/en\/hearing-and-vertigo-diagnostics-frankfurt\/\">Vertigo diagnostics<\/a> to:<\/p>\n<ul>\n<li>Ear microscopy: assessment of the external auditory canal and eardrum<\/li>\n<li>Vestibular tests: e.g. positioning tests, head impulse test or Romberg test<\/li>\n<li>Hearing tests (audiometry): to clarify whether hearing loss is present - especially if Meni\u00e8re's disease is suspected<\/li>\n<li>Video Electronystagmography (Video-ENG): Measurement of involuntary eye movements to analyse the vestibular system<\/li>\n<\/ul>\n<h5>Imaging<\/h5>\n<p>If central causes (e.g. neurological diseases, tumours) are suspected, imaging may be necessary:<\/p>\n<ul>\n<li>MRI (magnetic resonance imaging) of the head<\/li>\n<li>CT (computed tomography), especially if structural changes are suspected<\/li>\n<\/ul>\n<h5>Blood tests<\/h5>\n<p>If you have unclear symptoms or suspect metabolic disorders, vitamin deficiency or inflammation, a blood count can be helpful.<\/p>\n<h5>Cardiological clarification<\/h5>\n<p>In the event of possible circulatory causes (e.g. low blood pressure, cardiac arrhythmia), your cardiologist will carry out an examination.<\/p>\n\n\t\t<\/div> \n\t<\/div> \t<div class=\"vc_empty_space\"  style=\"height: 30px\" ><span\r\n\t\t\tclass=\"vc_empty_space_inner\">\r\n\t\t\t<span class=\"empty_space_image\"  ><\/span>\r\n\t\t<\/span><\/div>\r\n\n\n\t<div class=\"wpb_text_column wpb_content_element\">\n\t\t<div class=\"wpb_wrapper\">\n\t\t\t<h3>Ways to treat vertigo<\/h3>\n<p>The treatment of vertigo always depends on the underlying cause. Careful diagnosis in our ENT clinic in Frankfurt is therefore the first step. Only when it is clear what is causing the dizziness can targeted and effective treatment be initiated.<\/p>\n\n\t\t<\/div> \n\t<\/div> \t<div class=\"vc_empty_space\"  style=\"height: 30px\" ><span\r\n\t\t\tclass=\"vc_empty_space_inner\">\r\n\t\t\t<span class=\"empty_space_image\"  ><\/span>\r\n\t\t<\/span><\/div>\r\n\n<div class=\"qode-accordion-holder clearfix qode-toggle qode-initial\">\r\n\t<h4 class=\"clearfix qode-title-holder\">\r\n<span class=\"qode-tab-title\">\r\n\t    <span class=\"qode-tab-title-inner\">\r\n        Treating vertigo with ENT medical measures and therapy options    <\/span>\r\n<\/span>\r\n<span class=\"qode-accordion-mark\">\r\n    <span class=\"qode-accordion-mark-icon\">\r\n        <span class=\"icon_plus\"><\/span>\r\n        <span class=\"icon_minus-06\"><\/span>\r\n    <\/span>\r\n<\/span>\r\n<\/h4>\r\n<div  class=\"qode-accordion-content\" >\r\n    <div class=\"qode-accordion-content-inner\">\r\n        \n\t<div class=\"wpb_text_column wpb_content_element\">\n\t\t<div class=\"wpb_wrapper\">\n\t\t\t<p>At our ENT clinic in Frankfurt, we are happy to be your first port of call for vertigo - especially if there is a suspected disorder of the vestibular organ in the inner ear.<\/p>\n<p>If you have an inflammation of the vestibular nerve (neuritis vestibularis), for example, drug therapies with anti-inflammatory preparations or antivertiginosa are used. We can also prescribe special medication for symptom control in diseases such as Meni\u00e8re's disease.<\/p>\n<p>If there is also benign positional vertigo, we can use certain positioning manoeuvres to reduce the triggering symptoms. <a href=\"\/en\/ear-stones-symptoms\/\">Crystals in the inner ear<\/a> and significantly alleviate the symptoms.<\/p>\n<p>Another important component is the prescription of vestibular rehabilitation exercises. These special balance exercises help your brain to better process disturbed stimuli and retrain your balance. In some cases, a referral to specialised physiotherapy can be useful if additional muscular or functional factors are present.<\/p>\n<p>We also use audiometric procedures to check whether there is also a hearing loss or another inner ear problem that could influence the symptoms.<\/p>\n<p>The aim of all these measures is to specifically stabilise the balance system, normalise the processing of stimuli in the brain and noticeably improve your quality of life.<\/p>\n\n\t\t<\/div> \n\t<\/div>     <\/div>\r\n<\/div><h4 class=\"clearfix qode-title-holder\">\r\n<span class=\"qode-tab-title\">\r\n\t    <span class=\"qode-tab-title-inner\">\r\n        Physiotherapy, balance training and treatment of tension    <\/span>\r\n<\/span>\r\n<span class=\"qode-accordion-mark\">\r\n    <span class=\"qode-accordion-mark-icon\">\r\n        <span class=\"icon_plus\"><\/span>\r\n        <span class=\"icon_minus-06\"><\/span>\r\n    <\/span>\r\n<\/span>\r\n<\/h4>\r\n<div  class=\"qode-accordion-content\" >\r\n    <div class=\"qode-accordion-content-inner\">\r\n        \n\t<div class=\"wpb_text_column wpb_content_element\">\n\t\t<div class=\"wpb_wrapper\">\n\t\t\t<p>Many sufferers benefit from targeted physical measures, especially if muscular tension or problems with the cervical spine are also causing the vertigo.<\/p>\n<p>Physiotherapy and balance training improve body awareness, promote stability and help the brain to better regulate balance. In addition, heat treatments, manual therapy, massages and gentle posture training can relieve tension and improve postural stability. The exercises can usually be continued at home with professional guidance.<\/p>\n\n\t\t<\/div> \n\t<\/div>     <\/div>\r\n<\/div><h4 class=\"clearfix qode-title-holder\">\r\n<span class=\"qode-tab-title\">\r\n\t    <span class=\"qode-tab-title-inner\">\r\n        Psychotherapeutic support    <\/span>\r\n<\/span>\r\n<span class=\"qode-accordion-mark\">\r\n    <span class=\"qode-accordion-mark-icon\">\r\n        <span class=\"icon_plus\"><\/span>\r\n        <span class=\"icon_minus-06\"><\/span>\r\n    <\/span>\r\n<\/span>\r\n<\/h4>\r\n<div  class=\"qode-accordion-content\" >\r\n    <div class=\"qode-accordion-content-inner\">\r\n        \n\t<div class=\"wpb_text_column wpb_content_element\">\n\t\t<div class=\"wpb_wrapper\">\n\t\t\t<p>In the case of functional or stress-related vertigo, psychotherapeutic support is often effective. In the case of chronic complaints or accompanying anxiety, behavioural therapy can help to improve the handling of dizziness and reduce avoidance behaviour. Relaxation methods such as progressive muscle relaxation or mindfulness training can also provide relief.<\/p>\n\n\t\t<\/div> \n\t<\/div>     <\/div>\r\n<\/div><h4 class=\"clearfix qode-title-holder\">\r\n<span class=\"qode-tab-title\">\r\n\t    <span class=\"qode-tab-title-inner\">\r\n        Lifestyle and self-help    <\/span>\r\n<\/span>\r\n<span class=\"qode-accordion-mark\">\r\n    <span class=\"qode-accordion-mark-icon\">\r\n        <span class=\"icon_plus\"><\/span>\r\n        <span class=\"icon_minus-06\"><\/span>\r\n    <\/span>\r\n<\/span>\r\n<\/h4>\r\n<div  class=\"qode-accordion-content\" >\r\n    <div class=\"qode-accordion-content-inner\">\r\n        \n\t<div class=\"wpb_text_column wpb_content_element\">\n\t\t<div class=\"wpb_wrapper\">\n\t\t\t<p>A healthy lifestyle can support the treatment of vertigo. Regular exercise strengthens the circulation and improves body awareness - both important factors for a stable balance.<\/p>\n<p>Sufficient sleep, conscious recovery phases in everyday life and the targeted reduction of stress are just as important. Avoiding nicotine and moderate consumption of alcohol and caffeine can also have a positive effect on the symptoms. A balanced diet and sufficient fluid intake also help to stabilise the body as a whole and promote well-being.<\/p>\n\n\t\t<\/div> \n\t<\/div>     <\/div>\r\n<\/div><\/div>\t<div class=\"vc_empty_space\"  style=\"height: 30px\" ><span\r\n\t\t\tclass=\"vc_empty_space_inner\">\r\n\t\t\t<span class=\"empty_space_image\"  ><\/span>\r\n\t\t<\/span><\/div>\r\n\n\n\t<div class=\"wpb_text_column wpb_content_element\">\n\t\t<div class=\"wpb_wrapper\">\n\t\t\t<h3>Treating vertigo in Frankfurt<\/h3>\n<p>The treatment of vertigo is successful in most cases - provided the cause is clarified precisely. Our ENT clinic in Frankfurt is a central point of contact for examining and categorising the dizziness and initiating the appropriate next steps.<\/p>\n<p>We are here for you! Simply contact us to arrange an appointment!<\/p>\n\n\t\t<\/div> \n\t<\/div> \t<div class=\"vc_empty_space\"  style=\"height: 30px\" ><span\r\n\t\t\tclass=\"vc_empty_space_inner\">\r\n\t\t\t<span class=\"empty_space_image\"  ><\/span>\r\n\t\t<\/span><\/div>\r\n\n<\/div><\/div><\/div><\/div><\/div><div      class=\"vc_row wpb_row section vc_row-fluid  vc_custom_1716470538280\" style='background-image:url(https:\/\/www.praxisklinik-goethe10.de\/wp-content\/uploads\/2024\/05\/dr-fischer-frankfurt-hno-call-to-blog.jpg); text-align:center;'><div class=\"full_section_inner clearfix\"><div class=\"wpb_column vc_column_container vc_col-sm-12\"><div class=\"vc_column-inner\"><div class=\"wpb_wrapper\">\t<div class=\"vc_empty_space\"  style=\"height: 60px\" ><span\r\n\t\t\tclass=\"vc_empty_space_inner\">\r\n\t\t\t<span class=\"empty_space_image\"  ><\/span>\r\n\t\t<\/span><\/div>\r\n\n\n\t<div class=\"wpb_text_column wpb_content_element\">\n\t\t<div class=\"wpb_wrapper\">\n\t\t\t<h3 style=\"text-align: center;\"><span style=\"color: #ffffff;\">Do you have any questions on this topic or would you like to arrange a consultation?<\/span><\/h3>\n\n\t\t<\/div> \n\t<\/div> \t<div class=\"vc_empty_space\"  style=\"height: 20px\" ><span\r\n\t\t\tclass=\"vc_empty_space_inner\">\r\n\t\t\t<span class=\"empty_space_image\"  ><\/span>\r\n\t\t<\/span><\/div>\r\n\n<a  itemprop=\"url\" href=\"https:\/\/www.doctolib.de\/praxis\/frankfurt-am-main\/praxisklinik-goethe10\" target=\"_blank\"  class=\"qbutton  medium center default\" style=\"\">Book an appointment now!<i class=\"qode_icon_font_awesome fa fa-angle-double-right qode_button_icon_element\" style=\"\" ><\/i><\/a>\t<div class=\"vc_empty_space\"  style=\"height: 60px\" ><span\r\n\t\t\tclass=\"vc_empty_space_inner\">\r\n\t\t\t<span class=\"empty_space_image\"  ><\/span>\r\n\t\t<\/span><\/div>\r\n\n<\/div><\/div><\/div><\/div><\/div><div      class=\"vc_row wpb_row section vc_row-fluid\" style=' text-align:left;'><div class=\"full_section_inner clearfix\"><div class=\"wpb_column vc_column_container vc_col-sm-12\"><div class=\"vc_column-inner\"><div class=\"wpb_wrapper\">\t<div class=\"vc_empty_space\"  style=\"height: 30px\" ><span\r\n\t\t\tclass=\"vc_empty_space_inner\">\r\n\t\t\t<span class=\"empty_space_image\"  ><\/span>\r\n\t\t<\/span><\/div>\r\n\n\n\t<div class=\"wpb_text_column wpb_content_element\">\n\t\t<div class=\"wpb_wrapper\">\n\t\t\t<h4>ENT Frankfurt: Dr Thomas Fischer &amp; Dr Albrecht Linke<\/h4>\n<p>Your specialists for ear, nose and throat medicine, who will provide you with professional and individualised advice, examinations and treatment in all matters relating to ENT medicine, functional plastic surgery and the aesthetic treatment of changes to the facial skin.<\/p>\n<p><small>Our news articles are prepared for you to the best of our knowledge and belief and are intended for general education. They are in no way a substitute for medical advice, diagnosis and treatment and are not intended to encourage self-diagnosis or self-treatment. Please always contact your ENT specialist in Frankfurt directly if you have any health complaints!<\/small><\/p>\n\n\t\t<\/div> \n\t<\/div> <div class=\"separator  normal   qode-type1-gradient-left-to-right\" style=\"margin-top: 30px;margin-bottom: 30px;\"><\/div>\n\n\t<div class=\"wpb_text_column wpb_content_element\">\n\t\t<div class=\"wpb_wrapper\">\n\t\t\t<p><small>\u00a9 \"Man, headache and pain in home from stress, mental health fatigue and mind problem. Face, sick and depression of frustrated male person in anxiety, brain fog and dizzy from failure, worry and vertigo\" by Daniels C\/peopleimages.com, stock.adobe.com<br \/>\n\u00a9 \"Elderly sick man with vertiginous stars flying around head in chaos feeling dizzy and malaise, discomfort, health trouble. Old character with vertigo and unsteady balance cartoon vector illustration\" by Natalia<br \/>\n<\/small><\/p>\n\n\t\t<\/div> \n\t<\/div> <\/div><\/div><\/div><\/div><\/div>","protected":false},"excerpt":{"rendered":"<p>A sudden feeling as if the ground is swaying under your feet or everything is spinning can be unsettling. Vertigo can have a major impact on everyday life and quality of life. This makes it all the more important to recognise the causes and treat them in a targeted manner.<\/p>","protected":false},"author":2,"featured_media":4239,"comment_status":"closed","ping_status":"closed","sticky":false,"template":"","format":"standard","meta":{"footnotes":""},"categories":[113,178,1],"tags":[],"class_list":["post-4235","post","type-post","status-publish","format-standard","has-post-thumbnail","hentry","category-hno","category-hno-krebsvorsorge","category-hno-praxis"],"yoast_head":"<!-- This site is optimized with the Yoast SEO plugin v27.3 - https:\/\/yoast.com\/product\/yoast-seo-wordpress\/ -->\n<title>Schwankschwindel behandeln | HNO in Frankfurt<\/title>\n<meta name=\"description\" content=\"Schwankschwindel behandeln \u2713 Informationen zu m\u00f6glichen Ausl\u00f6sern, zur \u00e4rztlichen Diagnostik und zu bew\u00e4hrten Behandlungsans\u00e4tzen.\" \/>\n<meta name=\"robots\" content=\"index, follow, max-snippet:-1, max-image-preview:large, max-video-preview:-1\" \/>\n<link rel=\"canonical\" href=\"https:\/\/www.praxisklinik-goethe10.de\/en\/treating-vertigo\/\" \/>\n<meta property=\"og:locale\" content=\"en_GB\" \/>\n<meta property=\"og:type\" content=\"article\" \/>\n<meta property=\"og:title\" content=\"Schwankschwindel behandeln | HNO in Frankfurt\" \/>\n<meta property=\"og:description\" content=\"Schwankschwindel behandeln \u2713 Informationen zu m\u00f6glichen Ausl\u00f6sern, zur \u00e4rztlichen Diagnostik und zu bew\u00e4hrten Behandlungsans\u00e4tzen.\" \/>\n<meta property=\"og:url\" content=\"https:\/\/www.praxisklinik-goethe10.de\/en\/treating-vertigo\/\" \/>\n<meta property=\"og:site_name\" content=\"HNO Frankfurt | Dr. Thomas Fischer\" \/>\n<meta property=\"article:published_time\" content=\"2025-07-10T13:30:29+00:00\" \/>\n<meta property=\"article:modified_time\" content=\"2025-08-26T13:20:58+00:00\" \/>\n<meta property=\"og:image\" content=\"https:\/\/www.praxisklinik-goethe10.de\/wp-content\/uploads\/2025\/07\/0148_Blog_Schwankschwindel-behandeln_01.jpg\" \/>\n\t<meta property=\"og:image:width\" content=\"1000\" \/>\n\t<meta property=\"og:image:height\" content=\"500\" \/>\n\t<meta property=\"og:image:type\" content=\"image\/jpeg\" \/>\n<meta name=\"author\" content=\"Praxisklinik Goethe10\" \/>\n<meta name=\"twitter:card\" content=\"summary_large_image\" \/>\n<meta name=\"twitter:label1\" content=\"Written by\" \/>\n\t<meta name=\"twitter:data1\" content=\"Praxisklinik Goethe10\" \/>\n\t<meta name=\"twitter:label2\" content=\"Estimated reading time\" \/>\n\t<meta name=\"twitter:data2\" content=\"14 minutes\" \/>\n<script type=\"application\/ld+json\" class=\"yoast-schema-graph\">{\"@context\":\"https:\\\/\\\/schema.org\",\"@graph\":[{\"@type\":\"Article\",\"@id\":\"https:\\\/\\\/www.praxisklinik-goethe10.de\\\/schwankschwindel-behandeln\\\/#article\",\"isPartOf\":{\"@id\":\"https:\\\/\\\/www.praxisklinik-goethe10.de\\\/schwankschwindel-behandeln\\\/\"},\"author\":{\"name\":\"Praxisklinik Goethe10\",\"@id\":\"https:\\\/\\\/www.praxisklinik-goethe10.de\\\/#\\\/schema\\\/person\\\/ee2d627b5399c08982c9378bee141da9\"},\"headline\":\"Schwankschwindel behandeln: Tipps f\u00fcr Linderung der Beschwerden\",\"datePublished\":\"2025-07-10T13:30:29+00:00\",\"dateModified\":\"2025-08-26T13:20:58+00:00\",\"mainEntityOfPage\":{\"@id\":\"https:\\\/\\\/www.praxisklinik-goethe10.de\\\/schwankschwindel-behandeln\\\/\"},\"wordCount\":3264,\"publisher\":{\"@id\":\"https:\\\/\\\/www.praxisklinik-goethe10.de\\\/#organization\"},\"image\":{\"@id\":\"https:\\\/\\\/www.praxisklinik-goethe10.de\\\/schwankschwindel-behandeln\\\/#primaryimage\"},\"thumbnailUrl\":\"https:\\\/\\\/www.praxisklinik-goethe10.de\\\/wp-content\\\/uploads\\\/2025\\\/07\\\/0148_Blog_Schwankschwindel-behandeln_01.jpg\",\"articleSection\":[\"HNO\",\"HNO Krebsvorsorge\",\"HNO-Praxis\"],\"inLanguage\":\"en-GB\"},{\"@type\":\"WebPage\",\"@id\":\"https:\\\/\\\/www.praxisklinik-goethe10.de\\\/schwankschwindel-behandeln\\\/\",\"url\":\"https:\\\/\\\/www.praxisklinik-goethe10.de\\\/schwankschwindel-behandeln\\\/\",\"name\":\"Schwankschwindel behandeln | HNO in Frankfurt\",\"isPartOf\":{\"@id\":\"https:\\\/\\\/www.praxisklinik-goethe10.de\\\/#website\"},\"primaryImageOfPage\":{\"@id\":\"https:\\\/\\\/www.praxisklinik-goethe10.de\\\/schwankschwindel-behandeln\\\/#primaryimage\"},\"image\":{\"@id\":\"https:\\\/\\\/www.praxisklinik-goethe10.de\\\/schwankschwindel-behandeln\\\/#primaryimage\"},\"thumbnailUrl\":\"https:\\\/\\\/www.praxisklinik-goethe10.de\\\/wp-content\\\/uploads\\\/2025\\\/07\\\/0148_Blog_Schwankschwindel-behandeln_01.jpg\",\"datePublished\":\"2025-07-10T13:30:29+00:00\",\"dateModified\":\"2025-08-26T13:20:58+00:00\",\"description\":\"Schwankschwindel behandeln \u2713 Informationen zu m\u00f6glichen Ausl\u00f6sern, zur \u00e4rztlichen Diagnostik und zu bew\u00e4hrten Behandlungsans\u00e4tzen.\",\"breadcrumb\":{\"@id\":\"https:\\\/\\\/www.praxisklinik-goethe10.de\\\/schwankschwindel-behandeln\\\/#breadcrumb\"},\"inLanguage\":\"en-GB\",\"potentialAction\":[{\"@type\":\"ReadAction\",\"target\":[\"https:\\\/\\\/www.praxisklinik-goethe10.de\\\/schwankschwindel-behandeln\\\/\"]}]},{\"@type\":\"ImageObject\",\"inLanguage\":\"en-GB\",\"@id\":\"https:\\\/\\\/www.praxisklinik-goethe10.de\\\/schwankschwindel-behandeln\\\/#primaryimage\",\"url\":\"https:\\\/\\\/www.praxisklinik-goethe10.de\\\/wp-content\\\/uploads\\\/2025\\\/07\\\/0148_Blog_Schwankschwindel-behandeln_01.jpg\",\"contentUrl\":\"https:\\\/\\\/www.praxisklinik-goethe10.de\\\/wp-content\\\/uploads\\\/2025\\\/07\\\/0148_Blog_Schwankschwindel-behandeln_01.jpg\",\"width\":1000,\"height\":500,\"caption\":\"Schwankschwindel behandeln\"},{\"@type\":\"BreadcrumbList\",\"@id\":\"https:\\\/\\\/www.praxisklinik-goethe10.de\\\/schwankschwindel-behandeln\\\/#breadcrumb\",\"itemListElement\":[{\"@type\":\"ListItem\",\"position\":1,\"name\":\"Startseite\",\"item\":\"https:\\\/\\\/www.praxisklinik-goethe10.de\\\/\"},{\"@type\":\"ListItem\",\"position\":2,\"name\":\"Schwankschwindel behandeln: Tipps f\u00fcr Linderung der Beschwerden\"}]},{\"@type\":\"WebSite\",\"@id\":\"https:\\\/\\\/www.praxisklinik-goethe10.de\\\/#website\",\"url\":\"https:\\\/\\\/www.praxisklinik-goethe10.de\\\/\",\"name\":\"HNO Frankfurt | Dr. Thomas Fischer\",\"description\":\"HNO Arzt Frankfurt\",\"publisher\":{\"@id\":\"https:\\\/\\\/www.praxisklinik-goethe10.de\\\/#organization\"},\"potentialAction\":[{\"@type\":\"SearchAction\",\"target\":{\"@type\":\"EntryPoint\",\"urlTemplate\":\"https:\\\/\\\/www.praxisklinik-goethe10.de\\\/?s={search_term_string}\"},\"query-input\":{\"@type\":\"PropertyValueSpecification\",\"valueRequired\":true,\"valueName\":\"search_term_string\"}}],\"inLanguage\":\"en-GB\"},{\"@type\":\"Organization\",\"@id\":\"https:\\\/\\\/www.praxisklinik-goethe10.de\\\/#organization\",\"name\":\"Praxisklinik Goethe 10\",\"url\":\"https:\\\/\\\/www.praxisklinik-goethe10.de\\\/\",\"logo\":{\"@type\":\"ImageObject\",\"inLanguage\":\"en-GB\",\"@id\":\"https:\\\/\\\/www.praxisklinik-goethe10.de\\\/#\\\/schema\\\/logo\\\/image\\\/\",\"url\":\"https:\\\/\\\/www.praxisklinik-goethe10.de\\\/wp-content\\\/uploads\\\/2018\\\/03\\\/dr-fischer-hno-frankfurt-slider.png\",\"contentUrl\":\"https:\\\/\\\/www.praxisklinik-goethe10.de\\\/wp-content\\\/uploads\\\/2018\\\/03\\\/dr-fischer-hno-frankfurt-slider.png\",\"width\":400,\"height\":200,\"caption\":\"Praxisklinik Goethe 10\"},\"image\":{\"@id\":\"https:\\\/\\\/www.praxisklinik-goethe10.de\\\/#\\\/schema\\\/logo\\\/image\\\/\"}},{\"@type\":\"Person\",\"@id\":\"https:\\\/\\\/www.praxisklinik-goethe10.de\\\/#\\\/schema\\\/person\\\/ee2d627b5399c08982c9378bee141da9\",\"name\":\"Praxisklinik Goethe10\",\"image\":{\"@type\":\"ImageObject\",\"inLanguage\":\"en-GB\",\"@id\":\"https:\\\/\\\/secure.gravatar.com\\\/avatar\\\/91039de23fa5a7174b1f821d9ec7ef51fc31b69b29351edc872ded7112632e0c?s=96&d=mm&r=g\",\"url\":\"https:\\\/\\\/secure.gravatar.com\\\/avatar\\\/91039de23fa5a7174b1f821d9ec7ef51fc31b69b29351edc872ded7112632e0c?s=96&d=mm&r=g\",\"contentUrl\":\"https:\\\/\\\/secure.gravatar.com\\\/avatar\\\/91039de23fa5a7174b1f821d9ec7ef51fc31b69b29351edc872ded7112632e0c?s=96&d=mm&r=g\",\"caption\":\"Praxisklinik Goethe10\"}}]}<\/script>\n<!-- \/ Yoast SEO plugin. -->","yoast_head_json":{"title":"Treating vertigo | ENT in Frankfurt","description":"Treating vertigo \u2713 Information on possible triggers, medical diagnosis and proven treatment approaches.","robots":{"index":"index","follow":"follow","max-snippet":"max-snippet:-1","max-image-preview":"max-image-preview:large","max-video-preview":"max-video-preview:-1"},"canonical":"https:\/\/www.praxisklinik-goethe10.de\/en\/treating-vertigo\/","og_locale":"en_GB","og_type":"article","og_title":"Schwankschwindel behandeln | HNO in Frankfurt","og_description":"Schwankschwindel behandeln \u2713 Informationen zu m\u00f6glichen Ausl\u00f6sern, zur \u00e4rztlichen Diagnostik und zu bew\u00e4hrten Behandlungsans\u00e4tzen.","og_url":"https:\/\/www.praxisklinik-goethe10.de\/en\/treating-vertigo\/","og_site_name":"HNO Frankfurt | Dr. Thomas Fischer","article_published_time":"2025-07-10T13:30:29+00:00","article_modified_time":"2025-08-26T13:20:58+00:00","og_image":[{"width":1000,"height":500,"url":"https:\/\/www.praxisklinik-goethe10.de\/wp-content\/uploads\/2025\/07\/0148_Blog_Schwankschwindel-behandeln_01.jpg","type":"image\/jpeg"}],"author":"Praxisklinik Goethe10","twitter_card":"summary_large_image","twitter_misc":{"Written by":"Praxisklinik Goethe10","Estimated reading time":"14 minutes"},"schema":{"@context":"https:\/\/schema.org","@graph":[{"@type":"Article","@id":"https:\/\/www.praxisklinik-goethe10.de\/schwankschwindel-behandeln\/#article","isPartOf":{"@id":"https:\/\/www.praxisklinik-goethe10.de\/schwankschwindel-behandeln\/"},"author":{"name":"Praxisklinik Goethe10","@id":"https:\/\/www.praxisklinik-goethe10.de\/#\/schema\/person\/ee2d627b5399c08982c9378bee141da9"},"headline":"Schwankschwindel behandeln: Tipps f\u00fcr Linderung der Beschwerden","datePublished":"2025-07-10T13:30:29+00:00","dateModified":"2025-08-26T13:20:58+00:00","mainEntityOfPage":{"@id":"https:\/\/www.praxisklinik-goethe10.de\/schwankschwindel-behandeln\/"},"wordCount":3264,"publisher":{"@id":"https:\/\/www.praxisklinik-goethe10.de\/#organization"},"image":{"@id":"https:\/\/www.praxisklinik-goethe10.de\/schwankschwindel-behandeln\/#primaryimage"},"thumbnailUrl":"https:\/\/www.praxisklinik-goethe10.de\/wp-content\/uploads\/2025\/07\/0148_Blog_Schwankschwindel-behandeln_01.jpg","articleSection":["HNO","HNO Krebsvorsorge","HNO-Praxis"],"inLanguage":"en-GB"},{"@type":"WebPage","@id":"https:\/\/www.praxisklinik-goethe10.de\/schwankschwindel-behandeln\/","url":"https:\/\/www.praxisklinik-goethe10.de\/schwankschwindel-behandeln\/","name":"Treating vertigo | ENT in Frankfurt","isPartOf":{"@id":"https:\/\/www.praxisklinik-goethe10.de\/#website"},"primaryImageOfPage":{"@id":"https:\/\/www.praxisklinik-goethe10.de\/schwankschwindel-behandeln\/#primaryimage"},"image":{"@id":"https:\/\/www.praxisklinik-goethe10.de\/schwankschwindel-behandeln\/#primaryimage"},"thumbnailUrl":"https:\/\/www.praxisklinik-goethe10.de\/wp-content\/uploads\/2025\/07\/0148_Blog_Schwankschwindel-behandeln_01.jpg","datePublished":"2025-07-10T13:30:29+00:00","dateModified":"2025-08-26T13:20:58+00:00","description":"Treating vertigo \u2713 Information on possible triggers, medical diagnosis and proven treatment approaches.","breadcrumb":{"@id":"https:\/\/www.praxisklinik-goethe10.de\/schwankschwindel-behandeln\/#breadcrumb"},"inLanguage":"en-GB","potentialAction":[{"@type":"ReadAction","target":["https:\/\/www.praxisklinik-goethe10.de\/schwankschwindel-behandeln\/"]}]},{"@type":"ImageObject","inLanguage":"en-GB","@id":"https:\/\/www.praxisklinik-goethe10.de\/schwankschwindel-behandeln\/#primaryimage","url":"https:\/\/www.praxisklinik-goethe10.de\/wp-content\/uploads\/2025\/07\/0148_Blog_Schwankschwindel-behandeln_01.jpg","contentUrl":"https:\/\/www.praxisklinik-goethe10.de\/wp-content\/uploads\/2025\/07\/0148_Blog_Schwankschwindel-behandeln_01.jpg","width":1000,"height":500,"caption":"Schwankschwindel behandeln"},{"@type":"BreadcrumbList","@id":"https:\/\/www.praxisklinik-goethe10.de\/schwankschwindel-behandeln\/#breadcrumb","itemListElement":[{"@type":"ListItem","position":1,"name":"Startseite","item":"https:\/\/www.praxisklinik-goethe10.de\/"},{"@type":"ListItem","position":2,"name":"Schwankschwindel behandeln: Tipps f\u00fcr Linderung der Beschwerden"}]},{"@type":"WebSite","@id":"https:\/\/www.praxisklinik-goethe10.de\/#website","url":"https:\/\/www.praxisklinik-goethe10.de\/","name":"ENT Frankfurt | Dr Thomas Fischer","description":"ENT doctor Frankfurt","publisher":{"@id":"https:\/\/www.praxisklinik-goethe10.de\/#organization"},"potentialAction":[{"@type":"SearchAction","target":{"@type":"EntryPoint","urlTemplate":"https:\/\/www.praxisklinik-goethe10.de\/?s={search_term_string}"},"query-input":{"@type":"PropertyValueSpecification","valueRequired":true,"valueName":"search_term_string"}}],"inLanguage":"en-GB"},{"@type":"Organization","@id":"https:\/\/www.praxisklinik-goethe10.de\/#organization","name":"Goethe Clinic 10","url":"https:\/\/www.praxisklinik-goethe10.de\/","logo":{"@type":"ImageObject","inLanguage":"en-GB","@id":"https:\/\/www.praxisklinik-goethe10.de\/#\/schema\/logo\/image\/","url":"https:\/\/www.praxisklinik-goethe10.de\/wp-content\/uploads\/2018\/03\/dr-fischer-hno-frankfurt-slider.png","contentUrl":"https:\/\/www.praxisklinik-goethe10.de\/wp-content\/uploads\/2018\/03\/dr-fischer-hno-frankfurt-slider.png","width":400,"height":200,"caption":"Praxisklinik Goethe 10"},"image":{"@id":"https:\/\/www.praxisklinik-goethe10.de\/#\/schema\/logo\/image\/"}},{"@type":"Person","@id":"https:\/\/www.praxisklinik-goethe10.de\/#\/schema\/person\/ee2d627b5399c08982c9378bee141da9","name":"Goethe10 practice clinic","image":{"@type":"ImageObject","inLanguage":"en-GB","@id":"https:\/\/secure.gravatar.com\/avatar\/91039de23fa5a7174b1f821d9ec7ef51fc31b69b29351edc872ded7112632e0c?s=96&d=mm&r=g","url":"https:\/\/secure.gravatar.com\/avatar\/91039de23fa5a7174b1f821d9ec7ef51fc31b69b29351edc872ded7112632e0c?s=96&d=mm&r=g","contentUrl":"https:\/\/secure.gravatar.com\/avatar\/91039de23fa5a7174b1f821d9ec7ef51fc31b69b29351edc872ded7112632e0c?s=96&d=mm&r=g","caption":"Praxisklinik Goethe10"}}]}},"_links":{"self":[{"href":"https:\/\/www.praxisklinik-goethe10.de\/en\/wp-json\/wp\/v2\/posts\/4235","targetHints":{"allow":["GET"]}}],"collection":[{"href":"https:\/\/www.praxisklinik-goethe10.de\/en\/wp-json\/wp\/v2\/posts"}],"about":[{"href":"https:\/\/www.praxisklinik-goethe10.de\/en\/wp-json\/wp\/v2\/types\/post"}],"author":[{"embeddable":true,"href":"https:\/\/www.praxisklinik-goethe10.de\/en\/wp-json\/wp\/v2\/users\/2"}],"replies":[{"embeddable":true,"href":"https:\/\/www.praxisklinik-goethe10.de\/en\/wp-json\/wp\/v2\/comments?post=4235"}],"version-history":[{"count":8,"href":"https:\/\/www.praxisklinik-goethe10.de\/en\/wp-json\/wp\/v2\/posts\/4235\/revisions"}],"predecessor-version":[{"id":4256,"href":"https:\/\/www.praxisklinik-goethe10.de\/en\/wp-json\/wp\/v2\/posts\/4235\/revisions\/4256"}],"wp:featuredmedia":[{"embeddable":true,"href":"https:\/\/www.praxisklinik-goethe10.de\/en\/wp-json\/wp\/v2\/media\/4239"}],"wp:attachment":[{"href":"https:\/\/www.praxisklinik-goethe10.de\/en\/wp-json\/wp\/v2\/media?parent=4235"}],"wp:term":[{"taxonomy":"category","embeddable":true,"href":"https:\/\/www.praxisklinik-goethe10.de\/en\/wp-json\/wp\/v2\/categories?post=4235"},{"taxonomy":"post_tag","embeddable":true,"href":"https:\/\/www.praxisklinik-goethe10.de\/en\/wp-json\/wp\/v2\/tags?post=4235"}],"curies":[{"name":"wp","href":"https:\/\/api.w.org\/{rel}","templated":true}]}}