{"id":4289,"date":"2025-11-11T09:53:19","date_gmt":"2025-11-11T08:53:19","guid":{"rendered":"https:\/\/www.praxisklinik-goethe10.de\/?p=4289"},"modified":"2025-11-11T09:57:38","modified_gmt":"2025-11-11T08:57:38","slug":"pharyngeal-carcinoma","status":"publish","type":"post","link":"https:\/\/www.praxisklinik-goethe10.de\/en\/pharyngeal-carcinoma\/","title":{"rendered":"Pharyngeal carcinoma: Why early diagnosis is crucial"},"content":{"rendered":"<div      class=\"vc_row wpb_row section vc_row-fluid \" style=' text-align:left;'><div class=\" full_section_inner clearfix\"><div class=\"wpb_column vc_column_container vc_col-sm-12\"><div class=\"vc_column-inner\"><div class=\"wpb_wrapper\">\n\t<div class=\"wpb_text_column wpb_content_element \">\n\t\t<div class=\"wpb_wrapper\">\n\t\t\t<p><strong>Ver\u00e4nderungen im Rachen bleiben h\u00e4ufig lange unbemerkt. Weil fr\u00fche Anzeichen oft fehlen oder unspezifisch sind, wird ein Tumor in diesem Bereich nicht selten erst sp\u00e4t entdeckt. Dabei entscheidet gerade der Zeitpunkt der Diagnose \u00fcber die Heilungschancen. Moderne HNO-Diagnostik kann helfen, Auff\u00e4lligkeiten fr\u00fch zu erkennen und rechtzeitig zu behandeln.<\/strong><\/p>\n\n\t\t<\/div> \n\t<\/div> <div class=\"separator  normal   \" style=\"margin-top: 40pxpx;margin-bottom: 0pxpx;background-color: #b0563c;\"><\/div>\n\n\t<div class=\"wpb_text_column wpb_content_element \">\n\t\t<div class=\"wpb_wrapper\">\n\t\t\t<h3>\u00dcber den Rachen<\/h3>\n<p>Der Rachen \u2013 medizinisch Pharynx genannt \u2013 ist ein muskul\u00f6ser Schlauch, der Nase, Mund und Kehlkopf miteinander verbindet. Er reicht von der Sch\u00e4delbasis bis zum Beginn der Speiser\u00f6hre. Je nach Lage unterteilt man den Rachen in drei Abschnitte: Nasenrachen (Nasopharynx), Mundrachen (Oropharynx) und unteren Rachen (Hypopharynx). Zu seinen Hauptaufgaben geh\u00f6ren:<\/p>\n<ul>\n<li><strong>Atmung erm\u00f6glichen<\/strong><br \/>\nDer Rachen leitet die eingeatmete Luft aus Nase oder Mund weiter in den Kehlkopf und von dort in die Luftr\u00f6hre. Damit ist er ein wichtiger Teil der oberen Atemwege.<\/li>\n<li><strong>Nahrungsweg steuern<\/strong><br \/>\nBeim Schlucken sorgt eine komplexe Muskelbewegung daf\u00fcr, dass Speisen und Fl\u00fcssigkeiten in die Speiser\u00f6hre gelangen, w\u00e4hrend die Atemwege gleichzeitig verschlossen bleiben. So sch\u00fctzt der Rachen vor dem \u201eVerschlucken\u201c.<\/li>\n<li><strong>Sprechen unterst\u00fctzen<\/strong><br \/>\nGemeinsam mit Mund- und Nasenh\u00f6hle dient der Rachen als Resonanzraum. Er beeinflusst Klang, Lautst\u00e4rke und Verst\u00e4ndlichkeit der Stimme.<\/li>\n<li><strong>Abwehrfunktionen \u00fcbernehmen<\/strong><br \/>\nIn der Schleimhaut des Rachens liegen lymphatische Strukturen wie die Gaumen- und Rachenmandeln. Sie bilden einen wichtigen Teil des k\u00f6rpereigenen Immunsystems und helfen, Krankheitserreger abzuwehren.<\/li>\n<\/ul>\n<p>Der Rachen erf\u00fcllt somit mehrere lebenswichtige Aufgaben.<\/p>\n\n\t\t<\/div> \n\t<\/div> \t<div class=\"vc_empty_space\"  style=\"height: 30px\" ><span\r\n\t\t\tclass=\"vc_empty_space_inner\">\r\n\t\t\t<span class=\"empty_space_image\"  ><\/span>\r\n\t\t<\/span><\/div>\r\n\n\r\n\t<div class=\"wpb_single_image wpb_content_element vc_align_left\">\r\n\t\t<div class=\"wpb_wrapper\">\r\n\t\t\t\r\n\t\t\t<a class=\"qode-prettyphoto qode-single-image-pretty-photo\" data-rel=\"prettyPhoto[rel-4289-1615457002]\" href=\"https:\/\/www.praxisklinik-goethe10.de\/wp-content\/uploads\/2025\/11\/0148_Blog_Rachenkarzinom_02a-1024x768.jpg\" target=\"_self\"><div class=\"vc_single_image-wrapper   vc_box_border_grey\"><img loading=\"lazy\" decoding=\"async\" width=\"1200\" height=\"900\" src=\"https:\/\/www.praxisklinik-goethe10.de\/wp-content\/uploads\/2025\/11\/0148_Blog_Rachenkarzinom_02a.jpg\" class=\"vc_single_image-img attachment-full\" alt=\"Rachenkarzinom\" srcset=\"https:\/\/www.praxisklinik-goethe10.de\/wp-content\/uploads\/2025\/11\/0148_Blog_Rachenkarzinom_02a.jpg 1200w, https:\/\/www.praxisklinik-goethe10.de\/wp-content\/uploads\/2025\/11\/0148_Blog_Rachenkarzinom_02a-300x225.jpg 300w, https:\/\/www.praxisklinik-goethe10.de\/wp-content\/uploads\/2025\/11\/0148_Blog_Rachenkarzinom_02a-1024x768.jpg 1024w, https:\/\/www.praxisklinik-goethe10.de\/wp-content\/uploads\/2025\/11\/0148_Blog_Rachenkarzinom_02a-768x576.jpg 768w, https:\/\/www.praxisklinik-goethe10.de\/wp-content\/uploads\/2025\/11\/0148_Blog_Rachenkarzinom_02a-16x12.jpg 16w, https:\/\/www.praxisklinik-goethe10.de\/wp-content\/uploads\/2025\/11\/0148_Blog_Rachenkarzinom_02a-800x600.jpg 800w, https:\/\/www.praxisklinik-goethe10.de\/wp-content\/uploads\/2025\/11\/0148_Blog_Rachenkarzinom_02a-700x525.jpg 700w\" sizes=\"auto, (max-width: 1200px) 100vw, 1200px\" \/><\/div><\/a>\r\n\t\t<\/div>\r\n\t<\/div>\r\n\t<div class=\"vc_empty_space\"  style=\"height: 30px\" ><span\r\n\t\t\tclass=\"vc_empty_space_inner\">\r\n\t\t\t<span class=\"empty_space_image\"  ><\/span>\r\n\t\t<\/span><\/div>\r\n\n\n\t<div class=\"wpb_text_column wpb_content_element \">\n\t\t<div class=\"wpb_wrapper\">\n\t\t\t<h3>Rachenkarzinom: B\u00f6sartiger Tumor im Pharynx<\/h3>\n<p>Ein Rachenkarzinom ist eine maligne Tumorerkrankung, die in den Schleimh\u00e4uten des Rachens (Pharynx) entsteht.<\/p>\n<p>Je nach Ursprungsort gibt es drei Hauptformen: das Nasenrachenkarzinom (Nasopharynxkarzinom) im oberen Abschnitt hinter der Nasenh\u00f6hle, das Mundrachenkarzinom (Oropharynxkarzinom) im Bereich von Gaumen, Zungengrund und Mandeln sowie das untere Rachenkarzinom (Hypopharynxkarzinom) nahe dem \u00dcbergang zur Speiser\u00f6hre.<\/p>\n<p>Die Erkrankung geh\u00f6rt zur Gruppe der Kopf-Hals-Tumoren und geht meist von den Zellen der Schleimhaut aus, die sich unkontrolliert vermehren und gesundes Gewebe verdr\u00e4ngen.<\/p>\n<p>Als wichtigste Risikofaktoren gelten langj\u00e4hriger Tabak- und Alkoholkonsum. Auch Infektionen mit bestimmten Typen des Humanen Papillomavirus (HPV) oder chronische Reizungen der Schleimhaut k\u00f6nnen die Entstehung beg\u00fcnstigen.<\/p>\n\n\t\t<\/div> \n\t<\/div> \t<div class=\"vc_empty_space\"  style=\"height: 30px\" ><span\r\n\t\t\tclass=\"vc_empty_space_inner\">\r\n\t\t\t<span class=\"empty_space_image\"  ><\/span>\r\n\t\t<\/span><\/div>\r\n\n\n\t<div class=\"wpb_text_column wpb_content_element \">\n\t\t<div class=\"wpb_wrapper\">\n\t\t\t<h3>Rachenkarzinom Symptome: Bei diesen Beschwerden sollten Sie sich unbedingt untersuchen lassen<\/h3>\n<p>Die Symptome bei einem Rachenkarzinom h\u00e4ngen stark davon ab, in welchem Abschnitt des Rachens sich der Tumor entwickelt und wie weit die Erkrankung fortgeschritten ist. Anfangs bleiben die Anzeichen oft unspezifisch und werden leicht \u00fcbersehen. H\u00e4lt eine Ver\u00e4nderung im Hals- oder Rachenbereich jedoch \u00fcber l\u00e4ngere Zeit an oder kehrt immer wieder, sollten Sie dies \u00e4rztlich abkl\u00e4ren lassen. Wir k\u00f6nnen m\u00f6gliche Ursachen unterscheiden und \u2013 falls n\u00f6tig \u2013 fr\u00fchzeitig behandeln.<\/p>\n<p>Zu den Symptomen, die bei einem Tumor im Rachenbereich auftreten k\u00f6nnen, geh\u00f6ren:<\/p>\n\n\t\t<\/div> \n\t<\/div> \t<div class=\"vc_empty_space\"  style=\"height: 30px\" ><span\r\n\t\t\tclass=\"vc_empty_space_inner\">\r\n\t\t\t<span class=\"empty_space_image\"  ><\/span>\r\n\t\t<\/span><\/div>\r\n\n<div class=\"qode-accordion-holder clearfix qode-toggle qode-initial \">\r\n\t<h4 class=\"clearfix qode-title-holder\">\r\n<span class=\"qode-tab-title\">\r\n\t    <span class=\"qode-tab-title-inner\">\r\n        anhaltende Halsschmerzen oder ein dauerhaftes Fremdk\u00f6rpergef\u00fchl im Hals    <\/span>\r\n<\/span>\r\n<span class=\"qode-accordion-mark\">\r\n    <span class=\"qode-accordion-mark-icon\">\r\n        <span class=\"icon_plus\"><\/span>\r\n        <span class=\"icon_minus-06\"><\/span>\r\n    <\/span>\r\n<\/span>\r\n<\/h4>\r\n<div  class=\"qode-accordion-content \" >\r\n    <div class=\"qode-accordion-content-inner\">\r\n        \n\t<div class=\"wpb_text_column wpb_content_element \">\n\t\t<div class=\"wpb_wrapper\">\n\t\t\t<p>Zu Beginn versp\u00fcren manche Betroffene ein leichtes Kratzen oder Druckgef\u00fchl im Hals, das mit der Zeit st\u00e4rker oder best\u00e4ndiger wird. Typisch ist das Empfinden, als w\u00fcrde ein kleiner Klo\u00df oder ein Fremdk\u00f6rper im Hals stecken, obwohl dort nichts zu sehen ist. Die Beschwerden k\u00f6nnen einseitig auftreten und strahlen manchmal bis ins Ohr aus.<\/p>\n<p>Anders als bei einer gew\u00f6hnlichen Halsentz\u00fcndung klingen die Schmerzen nicht nach einigen Tagen ab, sondern bleiben \u00fcber Wochen bestehen. Medikamente, Gurgell\u00f6sungen oder Hausmittel bringen in diesem Fall keine Besserung. Dieses anhaltende Missempfinden entsteht, weil der Tumor das umliegende Gewebe reizt und Druck auf Nerven oder Schleimhaut aus\u00fcbt.<\/p>\n\n\t\t<\/div> \n\t<\/div>     <\/div>\r\n<\/div><h4 class=\"clearfix qode-title-holder\">\r\n<span class=\"qode-tab-title\">\r\n\t    <span class=\"qode-tab-title-inner\">\r\n        Schluckbeschwerden, die mit der Zeit zunehmen    <\/span>\r\n<\/span>\r\n<span class=\"qode-accordion-mark\">\r\n    <span class=\"qode-accordion-mark-icon\">\r\n        <span class=\"icon_plus\"><\/span>\r\n        <span class=\"icon_minus-06\"><\/span>\r\n    <\/span>\r\n<\/span>\r\n<\/h4>\r\n<div  class=\"qode-accordion-content \" >\r\n    <div class=\"qode-accordion-content-inner\">\r\n        \n\t<div class=\"wpb_text_column wpb_content_element \">\n\t\t<div class=\"wpb_wrapper\">\n\t\t\t<p>Zu Beginn f\u00e4llt das Schlucken oft nur gelegentlich schwer, z. B. wenn die Nahrung sehr fest\/z\u00e4h ist oder bei gr\u00f6\u00dferen Bissen. Mit der Zeit verst\u00e4rken sich die Beschwerden, und selbst weiche Speisen oder Fl\u00fcssigkeiten zu schlucken kann unangenehm oder schmerzhaft sein.<\/p>\n<p>Ursache ist, dass eine wachsende Gewebever\u00e4nderung im Rachen den Schluckvorgang behindert oder Druck auf umliegende Nerven aus\u00fcbt. Manche Betroffene vermeiden dadurch das Essen, was zu Gewichtsverlust und Ersch\u00f6pfung f\u00fchren kann.<\/p>\n\n\t\t<\/div> \n\t<\/div>     <\/div>\r\n<\/div><h4 class=\"clearfix qode-title-holder\">\r\n<span class=\"qode-tab-title\">\r\n\t    <span class=\"qode-tab-title-inner\">\r\n        Ohrenschmerzen ohne erkennbaren Befund am Ohr    <\/span>\r\n<\/span>\r\n<span class=\"qode-accordion-mark\">\r\n    <span class=\"qode-accordion-mark-icon\">\r\n        <span class=\"icon_plus\"><\/span>\r\n        <span class=\"icon_minus-06\"><\/span>\r\n    <\/span>\r\n<\/span>\r\n<\/h4>\r\n<div  class=\"qode-accordion-content \" >\r\n    <div class=\"qode-accordion-content-inner\">\r\n        \n\t<div class=\"wpb_text_column wpb_content_element \">\n\t\t<div class=\"wpb_wrapper\">\n\t\t\t<p>Manchmal treten <a href=\"\/haeufige-ohrenerkrankungen\/\">Ohrenschmerzen<\/a> auf, obwohl das Ohr selbst unauff\u00e4llig ist. Das liegt daran, dass der Rachen und das Mittelohr \u00fcber die Ohrtrompete miteinander verbunden sind. Reizungen oder Tumoren im Rachen k\u00f6nnen \u00fcber gemeinsame Nervenbahnen Schmerzsignale ins Ohr weiterleiten.<\/p>\n<p>Betroffene sp\u00fcren dann ein dumpfes Ziehen oder Stechen, meist nur auf einer Seite. Da bei der Untersuchung des Ohrs keine Entz\u00fcndung oder Verletzung zu sehen ist, bleibt die eigentliche Ursache zun\u00e4chst oft verborgen. Treten solche einseitigen Ohrenschmerzen ohne klaren Befund \u00fcber l\u00e4ngere Zeit auf, sollten Sie auch den Rachenbereich sorgf\u00e4ltig kontrollieren lassen.<\/p>\n\n\t\t<\/div> \n\t<\/div>     <\/div>\r\n<\/div><h4 class=\"clearfix qode-title-holder\">\r\n<span class=\"qode-tab-title\">\r\n\t    <span class=\"qode-tab-title-inner\">\r\n        Heiserkeit oder Ver\u00e4nderungen der Stimme    <\/span>\r\n<\/span>\r\n<span class=\"qode-accordion-mark\">\r\n    <span class=\"qode-accordion-mark-icon\">\r\n        <span class=\"icon_plus\"><\/span>\r\n        <span class=\"icon_minus-06\"><\/span>\r\n    <\/span>\r\n<\/span>\r\n<\/h4>\r\n<div  class=\"qode-accordion-content \" >\r\n    <div class=\"qode-accordion-content-inner\">\r\n        \n\t<div class=\"wpb_text_column wpb_content_element \">\n\t\t<div class=\"wpb_wrapper\">\n\t\t\t<p>Ver\u00e4ndert sich der Klang der Stimme dauerhaft, kann das ein Hinweis auf eine Ver\u00e4nderung im Rachen oder <a href=\"\/kehlkopfkarzinom-symptome\/\">Kehlkopfbereich<\/a> sein. Liegt der Tumor in der N\u00e4he der Stimmlippen oder greift er auf den Kehlkopf \u00fcber, st\u00f6rt dies die Schwingungen der <a href=\"https:\/\/flexikon.doccheck.com\/de\/Stimmband\" target=\"_blank\" rel=\"noopener\">Stimmb\u00e4nder<\/a>. Die Stimme klingt dann rau, br\u00fcchig oder belegt und verliert an Kraft.<\/p>\n<p>Manche Patientinnen und Patienten berichten auch, dass sie schneller heiser werden oder ihre Stimme nach kurzer Belastung versagt. Anders als bei einer Erk\u00e4ltung oder Kehlkopfentz\u00fcndung bessert sich die Heiserkeit nicht nach einigen Tagen, sondern bleibt bestehen oder verschlechtert sich allm\u00e4hlich.<\/p>\n\n\t\t<\/div> \n\t<\/div>     <\/div>\r\n<\/div><h4 class=\"clearfix qode-title-holder\">\r\n<span class=\"qode-tab-title\">\r\n\t    <span class=\"qode-tab-title-inner\">\r\n        Mundgeruch, der trotz guter Mundhygiene bestehen bleibt    <\/span>\r\n<\/span>\r\n<span class=\"qode-accordion-mark\">\r\n    <span class=\"qode-accordion-mark-icon\">\r\n        <span class=\"icon_plus\"><\/span>\r\n        <span class=\"icon_minus-06\"><\/span>\r\n    <\/span>\r\n<\/span>\r\n<\/h4>\r\n<div  class=\"qode-accordion-content \" >\r\n    <div class=\"qode-accordion-content-inner\">\r\n        \n\t<div class=\"wpb_text_column wpb_content_element \">\n\t\t<div class=\"wpb_wrapper\">\n\t\t\t<p>Ein ungew\u00f6hnlich starker oder fauliger Geruch aus dem Mund kann entstehen, wenn sich im Rachen krankhaft ver\u00e4ndertes Gewebe bildet. In solchen F\u00e4llen helfen selbst gr\u00fcndliches Z\u00e4hneputzen oder Mundsp\u00fclungen kaum.<\/p>\n<p>Die Ursache liegt nicht im Mundraum, sondern tiefer \u2013 dort, wo sich der Tumor befindet. Durch kleine Blutungen, abgestorbene Zellen oder bakterielle Zersetzungsprozesse im Tumorgewebe entstehen Geruchsstoffe, die beim Atmen oder Sprechen wahrnehmbar sind.<\/p>\n<p>Eine \u00e4rztliche Untersuchung kann kl\u00e4ren, ob sich hinter dem Symptom eine harmlose Entz\u00fcndung oder eine ernstere Ver\u00e4nderung verbirgt.<\/p>\n\n\t\t<\/div> \n\t<\/div>     <\/div>\r\n<\/div><h4 class=\"clearfix qode-title-holder\">\r\n<span class=\"qode-tab-title\">\r\n\t    <span class=\"qode-tab-title-inner\">\r\n        Blutbeimengungen im Schleim oder Speichel    <\/span>\r\n<\/span>\r\n<span class=\"qode-accordion-mark\">\r\n    <span class=\"qode-accordion-mark-icon\">\r\n        <span class=\"icon_plus\"><\/span>\r\n        <span class=\"icon_minus-06\"><\/span>\r\n    <\/span>\r\n<\/span>\r\n<\/h4>\r\n<div  class=\"qode-accordion-content \" >\r\n    <div class=\"qode-accordion-content-inner\">\r\n        \n\t<div class=\"wpb_text_column wpb_content_element \">\n\t\t<div class=\"wpb_wrapper\">\n\t\t\t<p>Manchen Betroffenen f\u00e4llt auf, dass der Auswurf beim Husten kleine Blutspuren enth\u00e4lt. Dazu kommt es, wenn die Schleimhaut im Rachen durch die Gewebever\u00e4nderung gereizt oder verletzt ist und dabei feine Blutgef\u00e4\u00dfe aufbrechen. Das Blut mischt sich dann mit Speichel oder Schleim und wird beim Ausspucken sichtbar.<\/p>\n\n\t\t<\/div> \n\t<\/div>     <\/div>\r\n<\/div><h4 class=\"clearfix qode-title-holder\">\r\n<span class=\"qode-tab-title\">\r\n\t    <span class=\"qode-tab-title-inner\">\r\n        tastbare Schwellungen oder Knoten am Hals    <\/span>\r\n<\/span>\r\n<span class=\"qode-accordion-mark\">\r\n    <span class=\"qode-accordion-mark-icon\">\r\n        <span class=\"icon_plus\"><\/span>\r\n        <span class=\"icon_minus-06\"><\/span>\r\n    <\/span>\r\n<\/span>\r\n<\/h4>\r\n<div  class=\"qode-accordion-content \" >\r\n    <div class=\"qode-accordion-content-inner\">\r\n        \n\t<div class=\"wpb_text_column wpb_content_element \">\n\t\t<div class=\"wpb_wrapper\">\n\t\t\t<p>Ein Rachenkarzinom kann sich auch durch Schwellungen am Hals bemerkbar machen. Diese entstehen h\u00e4ufig, wenn sich Lymphknoten vergr\u00f6\u00dfern \u2013 entweder als Reaktion des Immunsystems oder weil sich Tumorzellen dort angesiedelt haben.<\/p>\n<p>Die Knoten f\u00fchlen sich meist fest an, lassen sich schlecht verschieben und verursachen in der Regel keine Schmerzen.<\/p>\n\n\t\t<\/div> \n\t<\/div>     <\/div>\r\n<\/div><h4 class=\"clearfix qode-title-holder\">\r\n<span class=\"qode-tab-title\">\r\n\t    <span class=\"qode-tab-title-inner\">\r\n        ungewollter Gewichtsverlust und allgemeine Schw\u00e4che    <\/span>\r\n<\/span>\r\n<span class=\"qode-accordion-mark\">\r\n    <span class=\"qode-accordion-mark-icon\">\r\n        <span class=\"icon_plus\"><\/span>\r\n        <span class=\"icon_minus-06\"><\/span>\r\n    <\/span>\r\n<\/span>\r\n<\/h4>\r\n<div  class=\"qode-accordion-content \" >\r\n    <div class=\"qode-accordion-content-inner\">\r\n        \n\t<div class=\"wpb_text_column wpb_content_element \">\n\t\t<div class=\"wpb_wrapper\">\n\t\t\t<p>Wenn ein Tumor im Rachen \u00fcber l\u00e4ngere Zeit besteht, kann er den gesamten K\u00f6rper sp\u00fcrbar belasten. Viele Betroffene verlieren an Gewicht, ohne ihre Ern\u00e4hrung bewusst umzustellen. Das liegt zum einen daran, dass das Schlucken zunehmend schwerf\u00e4llt und die Nahrungsaufnahme eingeschr\u00e4nkt ist.<\/p>\n<p>Zum anderen verbraucht der K\u00f6rper durch die Tumorerkrankung selbst mehr Energie, w\u00e4hrend der Appetit gleichzeitig abnehmen kann. Auch anhaltende M\u00fcdigkeit oder Kraftlosigkeit k\u00f6nnen sich einstellen.<\/p>\n\n\t\t<\/div> \n\t<\/div>     <\/div>\r\n<\/div><\/div>\t<div class=\"vc_empty_space\"  style=\"height: 30px\" ><span\r\n\t\t\tclass=\"vc_empty_space_inner\">\r\n\t\t\t<span class=\"empty_space_image\"  ><\/span>\r\n\t\t<\/span><\/div>\r\n\n\n\t<div class=\"wpb_text_column wpb_content_element \">\n\t\t<div class=\"wpb_wrapper\">\n\t\t\t<h3>Rachenkrebs entdecken: Wie erfolgt die Diagnose bei einem Rachenkarzinom?<\/h3>\n<p>Eine umfassende Diagnostik in unserer HNO-Praxisklinik in Frankfurt hilft, ein Rachenkarzinom fr\u00fchzeitig zu erkennen und zu behandeln. Der erste Schritt beginnt mit einem ausf\u00fchrlichen Gespr\u00e4ch \u00fcber Beschwerden, deren Dauer und m\u00f6gliche Risikofaktoren wie Rauchen oder Alkoholkonsum. Anschlie\u00dfend untersuchen wir Ihren Mund- und Rachenraum mithilfe eines kleinen Spiegels und einer flexiblen <a href=\"\/hno-endoskopie-frankfurt\/\">Endoskopkamera<\/a>, die auch tiefere Bereiche sichtbar macht.<\/p>\n<p>Fallen uns dabei Schleimhautver\u00e4nderungen oder Knoten auf, folgt in der Regel eine Gewebeprobe (Biopsie). Nur die feingewebliche Untersuchung im Labor kann sicher zeigen, ob es sich um eine b\u00f6sartige Ver\u00e4nderung handelt.<\/p>\n<p>Erg\u00e4nzend k\u00f6nnen bildgebende Verfahren wie CT oder MRT zum Einsatz kommen. Sie helfen dabei, die genaue Ausdehnung des Tumors zu bestimmen und m\u00f6gliche Lymphknoten- oder Organbeteiligungen (Metastasen) zu erkennen. So entsteht ein vollst\u00e4ndiges Bild der Erkrankung, das als Grundlage f\u00fcr die weitere Therapieplanung dient.<\/p>\n\n\t\t<\/div> \n\t<\/div> \t<div class=\"vc_empty_space\"  style=\"height: 30px\" ><span\r\n\t\t\tclass=\"vc_empty_space_inner\">\r\n\t\t\t<span class=\"empty_space_image\"  ><\/span>\r\n\t\t<\/span><\/div>\r\n\n\n\t<div class=\"wpb_text_column wpb_content_element \">\n\t\t<div class=\"wpb_wrapper\">\n\t\t\t<h3>Rachenkrebs behandeln: Wie erfolgt die Therapie beim Pharynxkarzinom?<\/h3>\n<p>Die Behandlung eines Rachenkarzinoms richtet sich nach der genauen Lage des Tumors, seinem Ausbreitungsgrad und Ihrem allgemeinen Gesundheitszustand. Je fr\u00fcher wir die Erkrankung erkennen, desto gr\u00f6\u00dfer sind die Chancen auf eine erfolgreiche. Zur Verf\u00fcgung stehen verschiedene Behandlungsformen, die einzeln oder kombiniert angewendet werden k\u00f6nnen. Grunds\u00e4tzliche M\u00f6glichkeiten sind:<\/p>\n\n\t\t<\/div> \n\t<\/div> \t<div class=\"vc_empty_space\"  style=\"height: 30px\" ><span\r\n\t\t\tclass=\"vc_empty_space_inner\">\r\n\t\t\t<span class=\"empty_space_image\"  ><\/span>\r\n\t\t<\/span><\/div>\r\n\n<div class=\"qode-accordion-holder clearfix qode-toggle qode-initial \">\r\n\t<h4 class=\"clearfix qode-title-holder\">\r\n<span class=\"qode-tab-title\">\r\n\t    <span class=\"qode-tab-title-inner\">\r\n        Operation    <\/span>\r\n<\/span>\r\n<span class=\"qode-accordion-mark\">\r\n    <span class=\"qode-accordion-mark-icon\">\r\n        <span class=\"icon_plus\"><\/span>\r\n        <span class=\"icon_minus-06\"><\/span>\r\n    <\/span>\r\n<\/span>\r\n<\/h4>\r\n<div  class=\"qode-accordion-content \" >\r\n    <div class=\"qode-accordion-content-inner\">\r\n        \n\t<div class=\"wpb_text_column wpb_content_element \">\n\t\t<div class=\"wpb_wrapper\">\n\t\t\t<p>Die OP z\u00e4hlt zu den wichtigsten Therapieformen bei einem b\u00f6sartigen Tumor im Bereich des Rachens, insbesondere wenn dieser noch lokal begrenzt ist. Ziel ist es, das maligne Gewebe vollst\u00e4ndig zu entfernen und dabei so viel gesundes Gewebe wie m\u00f6glich zu erhalten. Je nach Lage kommen unterschiedliche chirurgische Verfahren zum Einsatz.<\/p>\n<p>Kleinere Tumoren k\u00f6nnen h\u00e4ufig minimalinvasiv entfernt werden, z. B. mithilfe eines Endoskops oder eines Lasers. Diese schonenden Techniken erm\u00f6glichen eine pr\u00e4zise Tumorentfernung durch den Mund, ohne gr\u00f6\u00dfere \u00e4u\u00dfere Schnitte. Bei weiter fortgeschrittenen Befunden kann jedoch ein offener chirurgischer Zugang notwendig sein, damit das Tumorgewebe vollst\u00e4ndig erfasst werden kann.<\/p>\n<p>In manchen F\u00e4llen werden w\u00e4hrend des Eingriffs auch benachbarte Lymphknoten im Halsbereich mitentfernt, um m\u00f6gliche Metastasen auszuschlie\u00dfen.<\/p>\n\n\t\t<\/div> \n\t<\/div>     <\/div>\r\n<\/div><h4 class=\"clearfix qode-title-holder\">\r\n<span class=\"qode-tab-title\">\r\n\t    <span class=\"qode-tab-title-inner\">\r\n        Strahlentherapie (Radiotherapie)    <\/span>\r\n<\/span>\r\n<span class=\"qode-accordion-mark\">\r\n    <span class=\"qode-accordion-mark-icon\">\r\n        <span class=\"icon_plus\"><\/span>\r\n        <span class=\"icon_minus-06\"><\/span>\r\n    <\/span>\r\n<\/span>\r\n<\/h4>\r\n<div  class=\"qode-accordion-content \" >\r\n    <div class=\"qode-accordion-content-inner\">\r\n        \n\t<div class=\"wpb_text_column wpb_content_element \">\n\t\t<div class=\"wpb_wrapper\">\n\t\t\t<p>Die Strahlentherapie ist eine zentrale Behandlungsoption beim Rachenkarzinom und kann sowohl als alleinige Therapie als auch in Kombination mit einer Operation oder Chemotherapie eingesetzt werden. Ihr Ziel ist es, Krebszellen zu zerst\u00f6ren und gleichzeitig das umliegende gesunde Gewebe zu schonen.<\/p>\n<p>Moderne Bestrahlungsverfahren \u2013 etwa die intensit\u00e4tsmodulierte Radiotherapie (IMRT) \u2013 erm\u00f6glichen eine punktgenaue Steuerung der Strahlendosis. Dadurch l\u00e4sst sich die Strahlung exakt auf den Tumorbereich konzentrieren. Empfindliche Strukturen wie Speicheldr\u00fcsen, R\u00fcckenmark oder Kehlkopf bleiben dabei weitgehend gesch\u00fctzt.<\/p>\n<p>Bei fr\u00fchen Tumorstadien kann die Strahlentherapie den Krebs oft vollst\u00e4ndig beseitigen und einem chirurgischen Eingriff \u00fcberfl\u00fcssig machen. In fortgeschritteneren F\u00e4llen dient sie dazu, verbliebene Tumorzellen nach einer Operation zu vernichten oder das Tumorwachstum zu bremsen.<\/p>\n<p>W\u00e4hrend der Behandlung kann es zu vor\u00fcbergehenden Nebenwirkungen kommen \u2013 beispielsweise zu Schluckbeschwerden, Reizungen der Schleimhaut oder vor\u00fcbergehendem Geschmacksverlust. Eine sorgf\u00e4ltige Begleittherapie und regelm\u00e4\u00dfige Nachsorge helfen, diese Beschwerden zu lindern und den Heilungsprozess zu unterst\u00fctzen.<\/p>\n\n\t\t<\/div> \n\t<\/div>     <\/div>\r\n<\/div><h4 class=\"clearfix qode-title-holder\">\r\n<span class=\"qode-tab-title\">\r\n\t    <span class=\"qode-tab-title-inner\">\r\n        Chemotherapie    <\/span>\r\n<\/span>\r\n<span class=\"qode-accordion-mark\">\r\n    <span class=\"qode-accordion-mark-icon\">\r\n        <span class=\"icon_plus\"><\/span>\r\n        <span class=\"icon_minus-06\"><\/span>\r\n    <\/span>\r\n<\/span>\r\n<\/h4>\r\n<div  class=\"qode-accordion-content \" >\r\n    <div class=\"qode-accordion-content-inner\">\r\n        \n\t<div class=\"wpb_text_column wpb_content_element \">\n\t\t<div class=\"wpb_wrapper\">\n\t\t\t<p>Die Chemotherapie kommt beim Rachenkarzinom h\u00e4ufig erg\u00e4nzend zur Strahlenbehandlung oder Operation zum Einsatz. Sie nutzt spezielle Medikamente (sog. Zytostatika), die das Wachstum und die Teilung von Krebszellen hemmen oder sie ganz abt\u00f6ten. Da sich Tumorzellen schneller teilen als gesunde Zellen, reagieren sie besonders empfindlich auf diese Wirkstoffe.<\/p>\n<p>In der Regel erfolgt die Chemotherapie als begleitende Behandlung z. B. zur Strahlentherapie (Radiochemotherapie). Durch diese Kombination verst\u00e4rken sich die beiden Verfahren gegenseitig: Die Strahlung zerst\u00f6rt das Tumorgewebe direkt, w\u00e4hrend die Medikamente die Krebszellen empfindlicher f\u00fcr die Strahlung machen. So l\u00e4sst sich die Wirksamkeit der Therapie deutlich steigern.<\/p>\n<p>Bei fortgeschrittenen oder metastasierten Tumoren dient die Chemotherapie au\u00dferdem dazu, das Tumorwachstum zu bremsen, Beschwerden zu lindern und die Lebensqualit\u00e4t zu erhalten.<\/p>\n<p>Typische Nebenwirkungen wie \u00dcbelkeit, M\u00fcdigkeit, Schleimhautreizungen oder Haarausfall entstehen, weil auch gesunde Zellen kurzzeitig betroffen sein k\u00f6nnen.<\/p>\n<p>Die Therapie wird immer individuell abgestimmt und engmaschig begleitet, um die Belastung so gering wie m\u00f6glich zu halten.<\/p>\n\n\t\t<\/div> \n\t<\/div>     <\/div>\r\n<\/div><h4 class=\"clearfix qode-title-holder\">\r\n<span class=\"qode-tab-title\">\r\n\t    <span class=\"qode-tab-title-inner\">\r\n        Immuntherapie \/ zielgerichtete Therapien    <\/span>\r\n<\/span>\r\n<span class=\"qode-accordion-mark\">\r\n    <span class=\"qode-accordion-mark-icon\">\r\n        <span class=\"icon_plus\"><\/span>\r\n        <span class=\"icon_minus-06\"><\/span>\r\n    <\/span>\r\n<\/span>\r\n<\/h4>\r\n<div  class=\"qode-accordion-content \" >\r\n    <div class=\"qode-accordion-content-inner\">\r\n        \n\t<div class=\"wpb_text_column wpb_content_element \">\n\t\t<div class=\"wpb_wrapper\">\n\t\t\t<p>Diese Konzepte gewinnen beim Bek\u00e4mpfen des Rachenkarzinoms zunehmend an Bedeutung. Sie richten sich gegen bestimmte Eigenschaften von Krebszellen oder aktivieren das k\u00f6rpereigene Abwehrsystem. Das kann die Tumorzellen oft besonders effektiv bek\u00e4mpfen.<\/p>\n<p>Bei der Immuntherapie kommen sog. Checkpoint-Inhibitoren zum Einsatz. Diese Medikamente blockieren Signalwege, mit denen Krebszellen das Immunsystem \u201eausschalten\u201c. Wird diese Blockade aufgehoben, k\u00f6nnen k\u00f6rpereigene Abwehrzellen die Tumorzellen wieder erkennen und angreifen. Die Immuntherapie wird vor allem bei fortgeschrittenen oder wiederkehrenden Tumoren angewendet, wenn andere Behandlungen ausgesch\u00f6pft sind oder nicht ausreichend wirken.<\/p>\n<p>Zielgerichtete Therapien (Targeted Therapies) wirken anders: Sie greifen spezifische Strukturen oder Wachstumsmechanismen der Krebszellen an, z. B. bestimmte Rezeptoren auf ihrer Oberfl\u00e4che. Ein bekanntes Beispiel ist der Einsatz von Antik\u00f6rpern gegen den sog. EGFR (Epidermal Growth Factor Receptor), der bei vielen Kopf-Hals-Tumoren \u00fcberaktiv ist.<\/p>\n<p>Beide Therapieformen gelten als wichtige Fortschritte, weil sie noch pr\u00e4ziser ansetzen und gesunde Zellen weitgehend verschonen. Regelm\u00e4\u00dfige Kontrollen und eine sorgf\u00e4ltige \u00e4rztliche Begleitung sind dabei entscheidend, um Wirkung und m\u00f6gliche Nebenwirkungen optimal zu steuern.<\/p>\n\n\t\t<\/div> \n\t<\/div>     <\/div>\r\n<\/div><h4 class=\"clearfix qode-title-holder\">\r\n<span class=\"qode-tab-title\">\r\n\t    <span class=\"qode-tab-title-inner\">\r\n        Ern\u00e4hrungs-, Schluck- und Sprachtherapie    <\/span>\r\n<\/span>\r\n<span class=\"qode-accordion-mark\">\r\n    <span class=\"qode-accordion-mark-icon\">\r\n        <span class=\"icon_plus\"><\/span>\r\n        <span class=\"icon_minus-06\"><\/span>\r\n    <\/span>\r\n<\/span>\r\n<\/h4>\r\n<div  class=\"qode-accordion-content \" >\r\n    <div class=\"qode-accordion-content-inner\">\r\n        \n\t<div class=\"wpb_text_column wpb_content_element \">\n\t\t<div class=\"wpb_wrapper\">\n\t\t\t<p>Nach einer Behandlung des Rachenkarzinoms \u2013 insbesondere nach Operationen oder Strahlen- und Chemotherapien \u2013 spielt die funktionelle Rehabilitation eine entscheidende Rolle. Ziel ist es, die nat\u00fcrlichen F\u00e4higkeiten wie Schlucken, Sprechen und eine ausreichende Nahrungsaufnahme schrittweise wiederherzustellen.<\/p>\n<p>Eine Schlucktherapie unterst\u00fctzt Sie dabei, die Muskulatur im Hals- und Rachenbereich zu trainieren. Durch spezielle \u00dcbungen lernen Sie, Bewegungsabl\u00e4ufe beim Essen und Trinken sicher zu koordinieren und das Risiko des Verschluckens zu verringern.<\/p>\n<p>Die Sprachtherapie (Logop\u00e4die) hilft, Ver\u00e4nderungen der Stimme oder Artikulation auszugleichen. So k\u00f6nnen Sie Ihre stimmliche Belastbarkeit und Verst\u00e4ndlichkeit beim Sprechen zur\u00fcckerlangen. Dies ist ein wichtiger Schritt, um im Alltag wieder aktiv kommunizieren zu k\u00f6nnen.<\/p>\n<p>Wenn das Schlucken noch eingeschr\u00e4nkt ist oder Gewichtsverlust besteht, kann erg\u00e4nzend eine Ern\u00e4hrungsberatung sinnvoll sein. Fachkr\u00e4fte zeigen Ihnen, wie eine ausgewogene, gut vertr\u00e4gliche Kost Ihre Genesung unterst\u00fctzt und neue Energie liefert.<\/p>\n<p>Diese rehabilitativen Ma\u00dfnahmen tragen wesentlich dazu bei, Ihre Lebensqualit\u00e4t nach der Krebsbehandlung zu erhalten und schrittweise wieder in den gewohnten Alltag zur\u00fcckzufinden.<\/p>\n\n\t\t<\/div> \n\t<\/div>     <\/div>\r\n<\/div><\/div>\t<div class=\"vc_empty_space\"  style=\"height: 30px\" ><span\r\n\t\t\tclass=\"vc_empty_space_inner\">\r\n\t\t\t<span class=\"empty_space_image\"  ><\/span>\r\n\t\t<\/span><\/div>\r\n\n\r\n\t<div class=\"wpb_single_image wpb_content_element vc_align_left\">\r\n\t\t<div class=\"wpb_wrapper\">\r\n\t\t\t\r\n\t\t\t<a class=\"qode-prettyphoto qode-single-image-pretty-photo\" data-rel=\"prettyPhoto[rel-4289-65187652]\" href=\"https:\/\/www.praxisklinik-goethe10.de\/wp-content\/uploads\/2025\/11\/0148_Blog_Rachenkarzinom_03-1024x768.jpg\" target=\"_self\"><div class=\"vc_single_image-wrapper   vc_box_border_grey\"><img loading=\"lazy\" decoding=\"async\" width=\"1200\" height=\"900\" src=\"https:\/\/www.praxisklinik-goethe10.de\/wp-content\/uploads\/2025\/11\/0148_Blog_Rachenkarzinom_03.jpg\" class=\"vc_single_image-img attachment-full\" alt=\"Rachenkarzinom\" srcset=\"https:\/\/www.praxisklinik-goethe10.de\/wp-content\/uploads\/2025\/11\/0148_Blog_Rachenkarzinom_03.jpg 1200w, https:\/\/www.praxisklinik-goethe10.de\/wp-content\/uploads\/2025\/11\/0148_Blog_Rachenkarzinom_03-300x225.jpg 300w, https:\/\/www.praxisklinik-goethe10.de\/wp-content\/uploads\/2025\/11\/0148_Blog_Rachenkarzinom_03-1024x768.jpg 1024w, https:\/\/www.praxisklinik-goethe10.de\/wp-content\/uploads\/2025\/11\/0148_Blog_Rachenkarzinom_03-768x576.jpg 768w, https:\/\/www.praxisklinik-goethe10.de\/wp-content\/uploads\/2025\/11\/0148_Blog_Rachenkarzinom_03-16x12.jpg 16w, https:\/\/www.praxisklinik-goethe10.de\/wp-content\/uploads\/2025\/11\/0148_Blog_Rachenkarzinom_03-800x600.jpg 800w, https:\/\/www.praxisklinik-goethe10.de\/wp-content\/uploads\/2025\/11\/0148_Blog_Rachenkarzinom_03-700x525.jpg 700w\" sizes=\"auto, (max-width: 1200px) 100vw, 1200px\" \/><\/div><\/a>\r\n\t\t<\/div>\r\n\t<\/div>\r\n\t<div class=\"vc_empty_space\"  style=\"height: 30px\" ><span\r\n\t\t\tclass=\"vc_empty_space_inner\">\r\n\t\t\t<span class=\"empty_space_image\"  ><\/span>\r\n\t\t<\/span><\/div>\r\n\n\n\t<div class=\"wpb_text_column wpb_content_element \">\n\t\t<div class=\"wpb_wrapper\">\n\t\t\t<h3>Fr\u00fcherkennung rettet Leben: Warum die HNO-Krebsvorsorge in unserer Praxis in Frankfurt so wichtig ist<\/h3>\n<p>Erkrankungen wie Rachen-, Kehlkopf- oder Mundh\u00f6hlenkrebs verlaufen im Anfangsstadium h\u00e4ufig unauff\u00e4llig. Je fr\u00fcher eine Krebserkrankung jedoch entdeckt wird, desto besser sind die Heilungschancen \u2013 oft sogar mit deutlich milderen Behandlungsmethoden. Eine regelm\u00e4\u00dfige <a href=\"\/hno-krebsvorsorge-frankfurt\/\">Krebsvorsorge im Hals-Nasen-Ohren-Bereich<\/a> tr\u00e4gt entscheidend dazu bei, m\u00f6gliche Ver\u00e4nderungen rechtzeitig zu erkennen. In unserer <a href=\"\/\">HNO-Praxisklinik in Frankfurt<\/a> f\u00fchren wir gr\u00fcndliche Untersuchungen durch, um Risiken fr\u00fchzeitig zu identifizieren und bei Bedarf sofort reagieren zu k\u00f6nnen.<\/p>\n\n\t\t<\/div> \n\t<\/div> \t<div class=\"vc_empty_space\"  style=\"height: 30px\" ><span\r\n\t\t\tclass=\"vc_empty_space_inner\">\r\n\t\t\t<span class=\"empty_space_image\"  ><\/span>\r\n\t\t<\/span><\/div>\r\n\n\n\t<div class=\"wpb_text_column wpb_content_element \">\n\t\t<div class=\"wpb_wrapper\">\n\t\t\t<h3>F\u00fcr wen ist die HNO-Krebsvorsorge besonders wichtig?<\/h3>\n<p>Bestimmte Risikofaktoren erh\u00f6hen die Wahrscheinlichkeit, an einem Rachenkarzinom zu erkranken. Wer dazu geh\u00f6rt, sollte regelm\u00e4\u00dfig eine <a href=\"\/hno-krebsvorsorge-sinnvoll\/\">Kontrolluntersuchung<\/a> wahrnehmen:<\/p>\n<ul>\n<li><strong>Rauchen<\/strong><br \/>\nTabakkonsum gilt als einer der bedeutendsten Risikofaktoren f\u00fcr Tumoren im Hals- und Rachenraum.<\/li>\n<li><strong>H\u00e4ufiger Alkoholkonsum<\/strong><br \/>\nAlkohol reizt die Schleimh\u00e4ute und kann die Wirkung von Tabak zus\u00e4tzlich verst\u00e4rken.<\/li>\n<li><strong>HPV-Infektionen<\/strong><br \/>\nEinige Typen des Humanen Papillomavirus stehen in engem Zusammenhang mit Kopf-Hals-Tumoren.<\/li>\n<li><strong>Berufliche Belastung<\/strong><br \/>\nDer Kontakt mit bestimmten Chemikalien, L\u00f6sungsmitteln oder Feinstaub kann das Risiko erh\u00f6hen.<\/li>\n<\/ul>\n\n\t\t<\/div> \n\t<\/div> \t<div class=\"vc_empty_space\"  style=\"height: 30px\" ><span\r\n\t\t\tclass=\"vc_empty_space_inner\">\r\n\t\t\t<span class=\"empty_space_image\"  ><\/span>\r\n\t\t<\/span><\/div>\r\n\n\n\t<div class=\"wpb_text_column wpb_content_element \">\n\t\t<div class=\"wpb_wrapper\">\n\t\t\t<h3>Jetzt Termin zur HNO-Krebsvorsorge vereinbaren<\/h3>\n<p>Eine Vorsorgeuntersuchung dauert nur wenige Minuten, kann aber entscheidend zur Krebsfr\u00fcherkennung beitragen. Vereinbaren Sie gerne einen Termin in unserer HNO-Praxisklinik in Frankfurt \u2013 f\u00fcr Ihre Sicherheit und Gesundheit.<\/p>\n\n\t\t<\/div> \n\t<\/div> \t<div class=\"vc_empty_space\"  style=\"height: 30px\" ><span\r\n\t\t\tclass=\"vc_empty_space_inner\">\r\n\t\t\t<span class=\"empty_space_image\"  ><\/span>\r\n\t\t<\/span><\/div>\r\n\n<\/div><\/div><\/div><\/div><\/div><div      class=\"vc_row wpb_row section vc_row-fluid  vc_custom_1716470538280\" style='background-image:url(https:\/\/www.praxisklinik-goethe10.de\/wp-content\/uploads\/2024\/05\/dr-fischer-frankfurt-hno-call-to-blog.jpg); text-align:center;'><div class=\" full_section_inner clearfix\"><div class=\"wpb_column vc_column_container vc_col-sm-12\"><div class=\"vc_column-inner\"><div class=\"wpb_wrapper\">\t<div class=\"vc_empty_space\"  style=\"height: 60px\" ><span\r\n\t\t\tclass=\"vc_empty_space_inner\">\r\n\t\t\t<span class=\"empty_space_image\"  ><\/span>\r\n\t\t<\/span><\/div>\r\n\n\n\t<div class=\"wpb_text_column wpb_content_element \">\n\t\t<div class=\"wpb_wrapper\">\n\t\t\t<h3 style=\"text-align: center;\"><span style=\"color: #ffffff;\">Haben Sie Fragen zu diesem Thema oder m\u00f6chten einen Beratungstermin vereinbaren?<\/span><\/h3>\n\n\t\t<\/div> \n\t<\/div> \t<div class=\"vc_empty_space\"  style=\"height: 20px\" ><span\r\n\t\t\tclass=\"vc_empty_space_inner\">\r\n\t\t\t<span class=\"empty_space_image\"  ><\/span>\r\n\t\t<\/span><\/div>\r\n\n<a  itemprop=\"url\" href=\"https:\/\/www.doctolib.de\/praxis\/frankfurt-am-main\/praxisklinik-goethe10\" target=\"_blank\"  class=\"qbutton  medium center default\" style=\"\">Jetzt Termin buchen!<i class=\"qode_icon_font_awesome fa fa-angle-double-right qode_button_icon_element\" style=\"\" ><\/i><\/a>\t<div class=\"vc_empty_space\"  style=\"height: 60px\" ><span\r\n\t\t\tclass=\"vc_empty_space_inner\">\r\n\t\t\t<span class=\"empty_space_image\"  ><\/span>\r\n\t\t<\/span><\/div>\r\n\n<\/div><\/div><\/div><\/div><\/div><div      class=\"vc_row wpb_row section vc_row-fluid \" style=' text-align:left;'><div class=\" full_section_inner clearfix\"><div class=\"wpb_column vc_column_container vc_col-sm-12\"><div class=\"vc_column-inner\"><div class=\"wpb_wrapper\">\t<div class=\"vc_empty_space\"  style=\"height: 30px\" ><span\r\n\t\t\tclass=\"vc_empty_space_inner\">\r\n\t\t\t<span class=\"empty_space_image\"  ><\/span>\r\n\t\t<\/span><\/div>\r\n\n\n\t<div class=\"wpb_text_column wpb_content_element \">\n\t\t<div class=\"wpb_wrapper\">\n\t\t\t<h4>HNO Frankfurt: Dr. med. Thomas Fischer &amp; Dr. med. Albrecht Linke<\/h4>\n<p>Ihre Fach\u00e4rzte f\u00fcr Hals-Nasen-Ohrenheilkunde, die Sie in s\u00e4mtlichen Fragen der HNO-Heilkunde, der funktionell-plastischen Chirurgie sowie der \u00e4sthetischen Behandlung von Ver\u00e4nderungen der Gesichtshaut professionell und individuell beraten, untersuchen und behandeln.<\/p>\n<p><small>Unsere News-Beitr\u00e4ge werden nach bestem Wissen und Gewissen f\u00fcr Sie erstellt und dienen der allgemeinen Weiterbildung. Sie ersetzen auf keinen Fall eine \u00e4rztliche Beratung, Diagnose und Behandlung und sollen weder zur Selbstdiagnose noch zur Selbstbehandlung auffordern. Bitte wenden Sie sich bei gesundheitlichen Beschwerden immer direkt an Ihre HNO Fach\u00e4rzte in Frankfurt!<\/small><\/p>\n\n\t\t<\/div> \n\t<\/div> <div class=\"separator  normal   qode-type1-gradient-left-to-right \" style=\"margin-top: 30px;margin-bottom: 30px;\"><\/div>\n\n\t<div class=\"wpb_text_column wpb_content_element \">\n\t\t<div class=\"wpb_wrapper\">\n\t\t\t<p><small>\u00a9 &#8220;Young woman pulping her inflamed neck&#8221; by sebra, stock.adobe.com<br \/>\n\u00a9 &#8220;Throat anatomy poster &#8221; by pikovit, stock.adobe.com<br \/>\n\u00a9 &#8220;Chest pain in young woman vector illustration. Cartoon isolated sick girl suffering from symptoms of cardiovascular disease or breasts problem, palpitations and heart attack, fibromyalgia and stress&#8221; by\u00a0Natalia, stock.adobe.com<br \/>\n<\/small><\/p>\n\n\t\t<\/div> \n\t<\/div> <\/div><\/div><\/div><\/div><\/div>\n","protected":false},"excerpt":{"rendered":"<p>Changes in the throat often go unnoticed for a long time. Yet it is precisely the time of diagnosis that determines the chances of recovery. Modern ENT diagnostics can help to recognise abnormalities early and treat them in good time.<\/p>","protected":false},"author":2,"featured_media":4291,"comment_status":"closed","ping_status":"closed","sticky":false,"template":"","format":"standard","meta":{"footnotes":""},"categories":[113,178,1],"tags":[],"class_list":["post-4289","post","type-post","status-publish","format-standard","has-post-thumbnail","hentry","category-hno","category-hno-krebsvorsorge","category-hno-praxis"],"yoast_head":"<!-- This site is optimized with the Yoast SEO plugin v27.3 - https:\/\/yoast.com\/product\/yoast-seo-wordpress\/ -->\n<title>Rachenkarzinom | Infos von Ihrem HNO in Frankfurt<\/title>\n<meta name=\"description\" content=\"Rachenkarzinom \u2713 Fr\u00fch erkennen, gezielt behandeln \u2013 erh\u00f6hen Sie Ihre Heilungschancen durch moderne HNO-Diagnostik.\" \/>\n<meta name=\"robots\" content=\"index, follow, max-snippet:-1, max-image-preview:large, max-video-preview:-1\" \/>\n<link rel=\"canonical\" href=\"https:\/\/www.praxisklinik-goethe10.de\/en\/pharyngeal-carcinoma\/\" \/>\n<meta property=\"og:locale\" content=\"en_GB\" \/>\n<meta property=\"og:type\" content=\"article\" \/>\n<meta property=\"og:title\" content=\"Rachenkarzinom | Infos von Ihrem HNO in Frankfurt\" \/>\n<meta property=\"og:description\" content=\"Rachenkarzinom \u2713 Fr\u00fch erkennen, gezielt behandeln \u2013 erh\u00f6hen Sie Ihre Heilungschancen durch moderne HNO-Diagnostik.\" \/>\n<meta property=\"og:url\" content=\"https:\/\/www.praxisklinik-goethe10.de\/en\/pharyngeal-carcinoma\/\" \/>\n<meta property=\"og:site_name\" content=\"HNO Frankfurt | Dr. Thomas Fischer\" \/>\n<meta property=\"article:published_time\" content=\"2025-11-11T08:53:19+00:00\" \/>\n<meta property=\"article:modified_time\" content=\"2025-11-11T08:57:38+00:00\" \/>\n<meta property=\"og:image\" content=\"https:\/\/www.praxisklinik-goethe10.de\/wp-content\/uploads\/2025\/11\/0148_Blog_Rachenkarzinom_01.jpg\" \/>\n\t<meta property=\"og:image:width\" content=\"1000\" \/>\n\t<meta property=\"og:image:height\" content=\"500\" \/>\n\t<meta property=\"og:image:type\" content=\"image\/jpeg\" \/>\n<meta name=\"author\" content=\"Praxisklinik Goethe10\" \/>\n<meta name=\"twitter:card\" content=\"summary_large_image\" \/>\n<meta name=\"twitter:label1\" content=\"Written by\" \/>\n\t<meta name=\"twitter:data1\" content=\"Praxisklinik Goethe10\" \/>\n\t<meta name=\"twitter:label2\" content=\"Estimated reading time\" \/>\n\t<meta name=\"twitter:data2\" content=\"14 minutes\" \/>\n<script type=\"application\/ld+json\" class=\"yoast-schema-graph\">{\"@context\":\"https:\\\/\\\/schema.org\",\"@graph\":[{\"@type\":\"Article\",\"@id\":\"https:\\\/\\\/www.praxisklinik-goethe10.de\\\/rachenkarzinom\\\/#article\",\"isPartOf\":{\"@id\":\"https:\\\/\\\/www.praxisklinik-goethe10.de\\\/rachenkarzinom\\\/\"},\"author\":{\"name\":\"Praxisklinik Goethe10\",\"@id\":\"https:\\\/\\\/www.praxisklinik-goethe10.de\\\/#\\\/schema\\\/person\\\/ee2d627b5399c08982c9378bee141da9\"},\"headline\":\"Rachenkarzinom: Warum eine fr\u00fche Diagnose entscheidend ist\",\"datePublished\":\"2025-11-11T08:53:19+00:00\",\"dateModified\":\"2025-11-11T08:57:38+00:00\",\"mainEntityOfPage\":{\"@id\":\"https:\\\/\\\/www.praxisklinik-goethe10.de\\\/rachenkarzinom\\\/\"},\"wordCount\":3100,\"publisher\":{\"@id\":\"https:\\\/\\\/www.praxisklinik-goethe10.de\\\/#organization\"},\"image\":{\"@id\":\"https:\\\/\\\/www.praxisklinik-goethe10.de\\\/rachenkarzinom\\\/#primaryimage\"},\"thumbnailUrl\":\"https:\\\/\\\/www.praxisklinik-goethe10.de\\\/wp-content\\\/uploads\\\/2025\\\/11\\\/0148_Blog_Rachenkarzinom_01.jpg\",\"articleSection\":[\"HNO\",\"HNO Krebsvorsorge\",\"HNO-Praxis\"],\"inLanguage\":\"en-GB\"},{\"@type\":\"WebPage\",\"@id\":\"https:\\\/\\\/www.praxisklinik-goethe10.de\\\/rachenkarzinom\\\/\",\"url\":\"https:\\\/\\\/www.praxisklinik-goethe10.de\\\/rachenkarzinom\\\/\",\"name\":\"Rachenkarzinom | Infos von Ihrem HNO in Frankfurt\",\"isPartOf\":{\"@id\":\"https:\\\/\\\/www.praxisklinik-goethe10.de\\\/#website\"},\"primaryImageOfPage\":{\"@id\":\"https:\\\/\\\/www.praxisklinik-goethe10.de\\\/rachenkarzinom\\\/#primaryimage\"},\"image\":{\"@id\":\"https:\\\/\\\/www.praxisklinik-goethe10.de\\\/rachenkarzinom\\\/#primaryimage\"},\"thumbnailUrl\":\"https:\\\/\\\/www.praxisklinik-goethe10.de\\\/wp-content\\\/uploads\\\/2025\\\/11\\\/0148_Blog_Rachenkarzinom_01.jpg\",\"datePublished\":\"2025-11-11T08:53:19+00:00\",\"dateModified\":\"2025-11-11T08:57:38+00:00\",\"description\":\"Rachenkarzinom \u2713 Fr\u00fch erkennen, gezielt behandeln \u2013 erh\u00f6hen Sie Ihre Heilungschancen durch moderne HNO-Diagnostik.\",\"breadcrumb\":{\"@id\":\"https:\\\/\\\/www.praxisklinik-goethe10.de\\\/rachenkarzinom\\\/#breadcrumb\"},\"inLanguage\":\"en-GB\",\"potentialAction\":[{\"@type\":\"ReadAction\",\"target\":[\"https:\\\/\\\/www.praxisklinik-goethe10.de\\\/rachenkarzinom\\\/\"]}]},{\"@type\":\"ImageObject\",\"inLanguage\":\"en-GB\",\"@id\":\"https:\\\/\\\/www.praxisklinik-goethe10.de\\\/rachenkarzinom\\\/#primaryimage\",\"url\":\"https:\\\/\\\/www.praxisklinik-goethe10.de\\\/wp-content\\\/uploads\\\/2025\\\/11\\\/0148_Blog_Rachenkarzinom_01.jpg\",\"contentUrl\":\"https:\\\/\\\/www.praxisklinik-goethe10.de\\\/wp-content\\\/uploads\\\/2025\\\/11\\\/0148_Blog_Rachenkarzinom_01.jpg\",\"width\":1000,\"height\":500,\"caption\":\"Rachenkarzinom\"},{\"@type\":\"BreadcrumbList\",\"@id\":\"https:\\\/\\\/www.praxisklinik-goethe10.de\\\/rachenkarzinom\\\/#breadcrumb\",\"itemListElement\":[{\"@type\":\"ListItem\",\"position\":1,\"name\":\"Startseite\",\"item\":\"https:\\\/\\\/www.praxisklinik-goethe10.de\\\/\"},{\"@type\":\"ListItem\",\"position\":2,\"name\":\"Rachenkarzinom: Warum eine fr\u00fche Diagnose entscheidend ist\"}]},{\"@type\":\"WebSite\",\"@id\":\"https:\\\/\\\/www.praxisklinik-goethe10.de\\\/#website\",\"url\":\"https:\\\/\\\/www.praxisklinik-goethe10.de\\\/\",\"name\":\"HNO Frankfurt | Dr. Thomas Fischer\",\"description\":\"HNO Arzt Frankfurt\",\"publisher\":{\"@id\":\"https:\\\/\\\/www.praxisklinik-goethe10.de\\\/#organization\"},\"potentialAction\":[{\"@type\":\"SearchAction\",\"target\":{\"@type\":\"EntryPoint\",\"urlTemplate\":\"https:\\\/\\\/www.praxisklinik-goethe10.de\\\/?s={search_term_string}\"},\"query-input\":{\"@type\":\"PropertyValueSpecification\",\"valueRequired\":true,\"valueName\":\"search_term_string\"}}],\"inLanguage\":\"en-GB\"},{\"@type\":\"Organization\",\"@id\":\"https:\\\/\\\/www.praxisklinik-goethe10.de\\\/#organization\",\"name\":\"Praxisklinik Goethe 10\",\"url\":\"https:\\\/\\\/www.praxisklinik-goethe10.de\\\/\",\"logo\":{\"@type\":\"ImageObject\",\"inLanguage\":\"en-GB\",\"@id\":\"https:\\\/\\\/www.praxisklinik-goethe10.de\\\/#\\\/schema\\\/logo\\\/image\\\/\",\"url\":\"https:\\\/\\\/www.praxisklinik-goethe10.de\\\/wp-content\\\/uploads\\\/2018\\\/03\\\/dr-fischer-hno-frankfurt-slider.png\",\"contentUrl\":\"https:\\\/\\\/www.praxisklinik-goethe10.de\\\/wp-content\\\/uploads\\\/2018\\\/03\\\/dr-fischer-hno-frankfurt-slider.png\",\"width\":400,\"height\":200,\"caption\":\"Praxisklinik Goethe 10\"},\"image\":{\"@id\":\"https:\\\/\\\/www.praxisklinik-goethe10.de\\\/#\\\/schema\\\/logo\\\/image\\\/\"}},{\"@type\":\"Person\",\"@id\":\"https:\\\/\\\/www.praxisklinik-goethe10.de\\\/#\\\/schema\\\/person\\\/ee2d627b5399c08982c9378bee141da9\",\"name\":\"Praxisklinik Goethe10\",\"image\":{\"@type\":\"ImageObject\",\"inLanguage\":\"en-GB\",\"@id\":\"https:\\\/\\\/secure.gravatar.com\\\/avatar\\\/91039de23fa5a7174b1f821d9ec7ef51fc31b69b29351edc872ded7112632e0c?s=96&d=mm&r=g\",\"url\":\"https:\\\/\\\/secure.gravatar.com\\\/avatar\\\/91039de23fa5a7174b1f821d9ec7ef51fc31b69b29351edc872ded7112632e0c?s=96&d=mm&r=g\",\"contentUrl\":\"https:\\\/\\\/secure.gravatar.com\\\/avatar\\\/91039de23fa5a7174b1f821d9ec7ef51fc31b69b29351edc872ded7112632e0c?s=96&d=mm&r=g\",\"caption\":\"Praxisklinik Goethe10\"}}]}<\/script>\n<!-- \/ Yoast SEO plugin. -->","yoast_head_json":{"title":"Throat cancer | Information from your ENT in Frankfurt","description":"Throat cancer \u2713 Early detection, targeted treatment - increase your chances of recovery with modern ENT diagnostics.","robots":{"index":"index","follow":"follow","max-snippet":"max-snippet:-1","max-image-preview":"max-image-preview:large","max-video-preview":"max-video-preview:-1"},"canonical":"https:\/\/www.praxisklinik-goethe10.de\/en\/pharyngeal-carcinoma\/","og_locale":"en_GB","og_type":"article","og_title":"Rachenkarzinom | Infos von Ihrem HNO in Frankfurt","og_description":"Rachenkarzinom \u2713 Fr\u00fch erkennen, gezielt behandeln \u2013 erh\u00f6hen Sie Ihre Heilungschancen durch moderne HNO-Diagnostik.","og_url":"https:\/\/www.praxisklinik-goethe10.de\/en\/pharyngeal-carcinoma\/","og_site_name":"HNO Frankfurt | Dr. Thomas Fischer","article_published_time":"2025-11-11T08:53:19+00:00","article_modified_time":"2025-11-11T08:57:38+00:00","og_image":[{"width":1000,"height":500,"url":"https:\/\/www.praxisklinik-goethe10.de\/wp-content\/uploads\/2025\/11\/0148_Blog_Rachenkarzinom_01.jpg","type":"image\/jpeg"}],"author":"Praxisklinik Goethe10","twitter_card":"summary_large_image","twitter_misc":{"Written by":"Praxisklinik Goethe10","Estimated reading time":"14 minutes"},"schema":{"@context":"https:\/\/schema.org","@graph":[{"@type":"Article","@id":"https:\/\/www.praxisklinik-goethe10.de\/rachenkarzinom\/#article","isPartOf":{"@id":"https:\/\/www.praxisklinik-goethe10.de\/rachenkarzinom\/"},"author":{"name":"Praxisklinik Goethe10","@id":"https:\/\/www.praxisklinik-goethe10.de\/#\/schema\/person\/ee2d627b5399c08982c9378bee141da9"},"headline":"Rachenkarzinom: Warum eine fr\u00fche Diagnose entscheidend ist","datePublished":"2025-11-11T08:53:19+00:00","dateModified":"2025-11-11T08:57:38+00:00","mainEntityOfPage":{"@id":"https:\/\/www.praxisklinik-goethe10.de\/rachenkarzinom\/"},"wordCount":3100,"publisher":{"@id":"https:\/\/www.praxisklinik-goethe10.de\/#organization"},"image":{"@id":"https:\/\/www.praxisklinik-goethe10.de\/rachenkarzinom\/#primaryimage"},"thumbnailUrl":"https:\/\/www.praxisklinik-goethe10.de\/wp-content\/uploads\/2025\/11\/0148_Blog_Rachenkarzinom_01.jpg","articleSection":["HNO","HNO Krebsvorsorge","HNO-Praxis"],"inLanguage":"en-GB"},{"@type":"WebPage","@id":"https:\/\/www.praxisklinik-goethe10.de\/rachenkarzinom\/","url":"https:\/\/www.praxisklinik-goethe10.de\/rachenkarzinom\/","name":"Throat cancer | Information from your ENT in Frankfurt","isPartOf":{"@id":"https:\/\/www.praxisklinik-goethe10.de\/#website"},"primaryImageOfPage":{"@id":"https:\/\/www.praxisklinik-goethe10.de\/rachenkarzinom\/#primaryimage"},"image":{"@id":"https:\/\/www.praxisklinik-goethe10.de\/rachenkarzinom\/#primaryimage"},"thumbnailUrl":"https:\/\/www.praxisklinik-goethe10.de\/wp-content\/uploads\/2025\/11\/0148_Blog_Rachenkarzinom_01.jpg","datePublished":"2025-11-11T08:53:19+00:00","dateModified":"2025-11-11T08:57:38+00:00","description":"Throat cancer \u2713 Early detection, targeted treatment - increase your chances of recovery with modern ENT diagnostics.","breadcrumb":{"@id":"https:\/\/www.praxisklinik-goethe10.de\/rachenkarzinom\/#breadcrumb"},"inLanguage":"en-GB","potentialAction":[{"@type":"ReadAction","target":["https:\/\/www.praxisklinik-goethe10.de\/rachenkarzinom\/"]}]},{"@type":"ImageObject","inLanguage":"en-GB","@id":"https:\/\/www.praxisklinik-goethe10.de\/rachenkarzinom\/#primaryimage","url":"https:\/\/www.praxisklinik-goethe10.de\/wp-content\/uploads\/2025\/11\/0148_Blog_Rachenkarzinom_01.jpg","contentUrl":"https:\/\/www.praxisklinik-goethe10.de\/wp-content\/uploads\/2025\/11\/0148_Blog_Rachenkarzinom_01.jpg","width":1000,"height":500,"caption":"Rachenkarzinom"},{"@type":"BreadcrumbList","@id":"https:\/\/www.praxisklinik-goethe10.de\/rachenkarzinom\/#breadcrumb","itemListElement":[{"@type":"ListItem","position":1,"name":"Startseite","item":"https:\/\/www.praxisklinik-goethe10.de\/"},{"@type":"ListItem","position":2,"name":"Rachenkarzinom: Warum eine fr\u00fche Diagnose entscheidend ist"}]},{"@type":"WebSite","@id":"https:\/\/www.praxisklinik-goethe10.de\/#website","url":"https:\/\/www.praxisklinik-goethe10.de\/","name":"ENT Frankfurt | Dr Thomas Fischer","description":"ENT doctor Frankfurt","publisher":{"@id":"https:\/\/www.praxisklinik-goethe10.de\/#organization"},"potentialAction":[{"@type":"SearchAction","target":{"@type":"EntryPoint","urlTemplate":"https:\/\/www.praxisklinik-goethe10.de\/?s={search_term_string}"},"query-input":{"@type":"PropertyValueSpecification","valueRequired":true,"valueName":"search_term_string"}}],"inLanguage":"en-GB"},{"@type":"Organization","@id":"https:\/\/www.praxisklinik-goethe10.de\/#organization","name":"Goethe Clinic 10","url":"https:\/\/www.praxisklinik-goethe10.de\/","logo":{"@type":"ImageObject","inLanguage":"en-GB","@id":"https:\/\/www.praxisklinik-goethe10.de\/#\/schema\/logo\/image\/","url":"https:\/\/www.praxisklinik-goethe10.de\/wp-content\/uploads\/2018\/03\/dr-fischer-hno-frankfurt-slider.png","contentUrl":"https:\/\/www.praxisklinik-goethe10.de\/wp-content\/uploads\/2018\/03\/dr-fischer-hno-frankfurt-slider.png","width":400,"height":200,"caption":"Praxisklinik Goethe 10"},"image":{"@id":"https:\/\/www.praxisklinik-goethe10.de\/#\/schema\/logo\/image\/"}},{"@type":"Person","@id":"https:\/\/www.praxisklinik-goethe10.de\/#\/schema\/person\/ee2d627b5399c08982c9378bee141da9","name":"Goethe10 practice clinic","image":{"@type":"ImageObject","inLanguage":"en-GB","@id":"https:\/\/secure.gravatar.com\/avatar\/91039de23fa5a7174b1f821d9ec7ef51fc31b69b29351edc872ded7112632e0c?s=96&d=mm&r=g","url":"https:\/\/secure.gravatar.com\/avatar\/91039de23fa5a7174b1f821d9ec7ef51fc31b69b29351edc872ded7112632e0c?s=96&d=mm&r=g","contentUrl":"https:\/\/secure.gravatar.com\/avatar\/91039de23fa5a7174b1f821d9ec7ef51fc31b69b29351edc872ded7112632e0c?s=96&d=mm&r=g","caption":"Praxisklinik Goethe10"}}]}},"_links":{"self":[{"href":"https:\/\/www.praxisklinik-goethe10.de\/en\/wp-json\/wp\/v2\/posts\/4289","targetHints":{"allow":["GET"]}}],"collection":[{"href":"https:\/\/www.praxisklinik-goethe10.de\/en\/wp-json\/wp\/v2\/posts"}],"about":[{"href":"https:\/\/www.praxisklinik-goethe10.de\/en\/wp-json\/wp\/v2\/types\/post"}],"author":[{"embeddable":true,"href":"https:\/\/www.praxisklinik-goethe10.de\/en\/wp-json\/wp\/v2\/users\/2"}],"replies":[{"embeddable":true,"href":"https:\/\/www.praxisklinik-goethe10.de\/en\/wp-json\/wp\/v2\/comments?post=4289"}],"version-history":[{"count":7,"href":"https:\/\/www.praxisklinik-goethe10.de\/en\/wp-json\/wp\/v2\/posts\/4289\/revisions"}],"predecessor-version":[{"id":4300,"href":"https:\/\/www.praxisklinik-goethe10.de\/en\/wp-json\/wp\/v2\/posts\/4289\/revisions\/4300"}],"wp:featuredmedia":[{"embeddable":true,"href":"https:\/\/www.praxisklinik-goethe10.de\/en\/wp-json\/wp\/v2\/media\/4291"}],"wp:attachment":[{"href":"https:\/\/www.praxisklinik-goethe10.de\/en\/wp-json\/wp\/v2\/media?parent=4289"}],"wp:term":[{"taxonomy":"category","embeddable":true,"href":"https:\/\/www.praxisklinik-goethe10.de\/en\/wp-json\/wp\/v2\/categories?post=4289"},{"taxonomy":"post_tag","embeddable":true,"href":"https:\/\/www.praxisklinik-goethe10.de\/en\/wp-json\/wp\/v2\/tags?post=4289"}],"curies":[{"name":"wp","href":"https:\/\/api.w.org\/{rel}","templated":true}]}}